{"id":794,"date":"2017-01-11T15:44:47","date_gmt":"2017-01-11T14:44:47","guid":{"rendered":"http:\/\/salutmental.info\/?p=794\/"},"modified":"2023-07-18T09:50:58","modified_gmt":"2023-07-18T07:50:58","slug":"equipos-basicos-de-atencion-social","status":"publish","type":"post","link":"https:\/\/salutmental.info\/es\/equipos-basicos-de-atencion-social\/","title":{"rendered":"Equipos b\u00e1sicos de atenci\u00f3n social"},"content":{"rendered":"<p style=\"text-align: left;\" align=\"justify\"><strong>Atenci\u00f3n social a personas con problemas de salud mental o adicciones y sus familias, asesoramiento y gesti\u00f3n para el acceso a prestaciones sociales municipales y de otras administraciones p\u00fablicas.<\/strong><\/p>\n<p><!--more--><\/p>\n<hr \/>\n<h2>UBICACI\u00d3N Y CONTACTO<\/h2>\n<table>\n<tbody>\n<tr>\n<td valign=\"top\" width=\"50%\"><strong>Distrito 1<\/strong> (Centre, Cementiri Vell y Can Mariner)<br \/>\n<strong>Distrito 2<\/strong> (Llat\u00ed y Riera Alta)<br \/>\n<a href=\"https:\/\/www.google.com\/maps\/place\/Rambla+del+Fondo,+13,+08922+Santa+Coloma+de+Gramenet,+Barcelona,+Espanya\/@41.4515412,2.2149729,17z\/data=!3m1!4b1!4m5!3m4!1s0x12a4bc84eebf2ee5:0xc9ba47a32ce037c5!8m2!3d41.4515412!4d2.2171616\" target=\"_blank\" rel=\"noopener noreferrer\">Rambla Fondo, 13 (Santa Coloma de Gramenet)<\/a><br \/>\n<iframe loading=\"lazy\" style=\"border: 0;\" src=\"https:\/\/www.google.com\/maps\/embed?pb=!1m18!1m12!1m3!1d2990.432166833181!2d2.214972915427745!3d41.45154117925832!2m3!1f0!2f0!3f0!3m2!1i1024!2i768!4f13.1!3m3!1m2!1s0x12a4bc84eebf2ee5%3A0xc9ba47a32ce037c5!2sRambla+del+Fondo%2C+13%2C+08922+Santa+Coloma+de+Gramenet%2C+Barcelona%2C+Espanya!5e0!3m2!1sca!2sus!4v1465398796150\" width=\"400\" height=\"300\" frameborder=\"0\" allowfullscreen=\"allowfullscreen\" data-mce-fragment=\"1\"><\/iframe><br \/>\nTel. 93 392 40 46<\/td>\n<td valign=\"top\" width=\"50%\"><strong>Distrito 3 <\/strong>(Singuerl\u00edn, Les Oliveres, Can Franquesa y Guinardera)<a href=\"https:\/\/www.google.com\/maps\/place\/Av.+Puig+Castellar,+16,+08924+Santa+Coloma+de+Gramenet,+Barcelona,+Espanya\/@41.458091,2.2041104,17z\/data=!3m1!4b1!4m5!3m4!1s0x12a4bc8afc8ee961:0x184f70f9885332a3!8m2!3d41.458091!4d2.2062991\" target=\"_blank\" rel=\"noopener noreferrer\">Av. Puig Castellar, 16 (Santa Coloma de Gramenet)<\/a><br \/>\n<iframe loading=\"lazy\" style=\"border: 0;\" src=\"https:\/\/www.google.com\/maps\/embed?pb=!1m18!1m12!1m3!1d2990.1302163854566!2d2.2041104154279876!3d41.45809097925771!2m3!1f0!2f0!3f0!3m2!1i1024!2i768!4f13.1!3m3!1m2!1s0x12a4bc8afc8ee961%3A0x184f70f9885332a3!2sAv.+Puig+Castellar%2C+16%2C+08924+Santa+Coloma+de+Gramenet%2C+Barcelona%2C+Espanya!5e0!3m2!1sca!2sus!4v1465398812769\" width=\"400\" height=\"300\" frameborder=\"0\" allowfullscreen=\"allowfullscreen\" data-mce-fragment=\"1\"><\/iframe><br \/>\nTel. 93 391 13 11 \/ 14<\/td>\n<\/tr>\n<tr>\n<td valign=\"top\" width=\"50%\"><strong>Distrito 4 <\/strong>(Riu Sud y Riu Nord)<a href=\"https:\/\/www.google.com\/maps\/place\/Carrer+President+Lluis+Companys,+41,+08921+Santa+Coloma+de+Gramenet,+Barcelona,+Espanya\/@41.45052,2.2018713,17z\/data=!3m1!4b1!4m8!1m2!10m1!1e1!3m4!1s0x12a4bc8d54a3b379:0xa6ad075194f90b0b!8m2!3d41.45052!4d2.20406\" target=\"_blank\" rel=\"noopener noreferrer\">Passeig d\u2019en Lloren\u00e7 Serra, 50, passatge local 3 -entre Lloren\u00e7 Serra i Llu\u00eds Companys- (Santa Coloma de Gramenet<\/a>)<br \/>\n<iframe loading=\"lazy\" style=\"border: 0;\" src=\"https:\/\/www.google.com\/maps\/embed?pb=!1m18!1m12!1m3!1d2990.4792413595815!2d2.2018713153824114!3d41.450519979258395!2m3!1f0!2f0!3f0!3m2!1i1024!2i768!4f13.1!3m3!1m2!1s0x12a4bc8d54a3b379%3A0xa6ad075194f90b0b!2sCarrer+President+Lluis+Companys%2C+41%2C+08921+Santa+Coloma+de+Gramenet%2C+Barcelona%2C+Espanya!5e0!3m2!1sca!2sus!4v1465398858874\" width=\"400\" height=\"300\" frameborder=\"0\" allowfullscreen=\"allowfullscreen\" data-mce-fragment=\"1\"><\/iframe><br \/>\nTel. 93 462 40 88<\/td>\n<td valign=\"top\" width=\"50%\"><strong>Distrito 5<\/strong> (Raval, Santa Rosa y Safaretjos)<a href=\"https:\/\/www.google.com\/maps\/place\/Av.+de+la+Generalitat,+112,+08923+Santa+Coloma+de+Gramenet,+Barcelona,+Espanya\/@41.44251,2.2081113,17z\/data=!3m1!4b1!4m5!3m4!1s0x12a4bc965f099221:0xbb694c58814ddd72!8m2!3d41.44251!4d2.2103\" target=\"_blank\" rel=\"noopener noreferrer\">Av. Generalitat, 112 (Santa Coloma de Gramenet)<\/a><\/p>\n<p><iframe loading=\"lazy\" style=\"border: 0;\" src=\"https:\/\/www.google.com\/maps\/embed?pb=!1m18!1m12!1m3!1d2990.8484474971024!2d2.20811131542749!3d41.442509979259135!2m3!1f0!2f0!3f0!3m2!1i1024!2i768!4f13.1!3m3!1m2!1s0x12a4bc965f099221%3A0xbb694c58814ddd72!2sAv.+de+la+Generalitat%2C+112%2C+08923+Santa+Coloma+de+Gramenet%2C+Barcelona%2C+Espanya!5e0!3m2!1sca!2sus!4v1465398863257\" width=\"400\" height=\"300\" frameborder=\"0\" allowfullscreen=\"allowfullscreen\" data-mce-fragment=\"1\"><\/iframe><br \/>\nTel. 93 462 40 68<\/td>\n<\/tr>\n<tr>\n<td width=\"50%\"><strong>Distrito 6 <\/strong>(Fondo)<a href=\"https:\/\/www.google.com\/maps\/place\/Calle+Bruch,+21,+08922+Santa+Coloma+de+Gramenet,+Barcelona,+Espanya\/@41.450577,2.2146383,17z\/data=!3m1!4b1!4m5!3m4!1s0x12a4bc84db020509:0x247446a89ac279ad!8m2!3d41.450577!4d2.216827\" target=\"_blank\" rel=\"noopener noreferrer\">Bruc, 21 (Santa Coloma de Gramenet)<\/a><br \/>\n<iframe loading=\"lazy\" style=\"border: 0;\" src=\"https:\/\/www.google.com\/maps\/embed?pb=!1m18!1m12!1m3!1d2990.476613840536!2d2.2146383154277616!3d41.45057697925855!2m3!1f0!2f0!3f0!3m2!1i1024!2i768!4f13.1!3m3!1m2!1s0x12a4bc84db020509%3A0x247446a89ac279ad!2sCalle+Bruch%2C+21%2C+08922+Santa+Coloma+de+Gramenet%2C+Barcelona%2C+Espanya!5e0!3m2!1sca!2sus!4v1465398954070\" width=\"400\" height=\"300\" frameborder=\"0\" allowfullscreen=\"allowfullscreen\" data-mce-fragment=\"1\"><\/iframe><br \/>\nTel. 93 462 40 85<\/td>\n<td width=\"50%\"><\/td>\n<\/tr>\n<\/tbody>\n<\/table>\n<h2>A QUIEN SE DIRIGE<\/h2>\n<p>Personas con problemas sociales de la ciudad incluidos los relacionados con los trastornos mentales, las drogodependencias y las socioadicciones.<\/p>\n<h2>PROGRAMAS<\/h2>\n<ul>\n<li>Evaluar situaciones de necesidad e informar y gestionar recursos sociales.<\/li>\n<li>Dise\u00f1ar programas individuales de atenci\u00f3n para personas dependientes.<\/li>\n<li>Prestar servicios de ayuda a domicilio, teleasistencia y apoyo.<\/li>\n<li>Promover la inserci\u00f3n social y laboral.<\/li>\n<li>Gestionar prestaciones de urgencia social y econ\u00f3mica.<\/li>\n<\/ul>\n<h2>V\u00cdA DE ACCESO<\/h2>\n<p>Mediante cita previa que se puede pedir al tel. 93 462 40 77 o directamente en la oficina que corresponde por barrio.<br \/>\nSi la persona no est\u00e1 empadronada es necesario pedir la visita presencialmente.<\/p>\n<h2>M\u00c1S INFORMACI\u00d3N<\/h2>\n<p><a href=\"http:\/\/www.gramenet.cat\/per-temes\/amb-les-persones\/benestar-social-i-families\/\" target=\"_blank\" rel=\"noopener noreferrer\">http:\/\/www.gramenet.cat\/per-temes\/amb-les-persones\/benestar-social-i-families\/<\/a><\/p>\n<h2>GESTIONA<\/h2>\n<p>Ajuntament de Santa Coloma de Gramenet<\/p>\n","protected":false},"excerpt":{"rendered":"<p>Atenci\u00f3n social a personas con problemas de salud mental o adicciones y sus familias, asesoramiento y gesti\u00f3n para el acceso a prestaciones sociales municipales y de otras administraciones p\u00fablicas.<\/p>\n","protected":false},"author":1,"featured_media":1923,"comment_status":"open","ping_status":"open","sticky":false,"template":"","format":"standard","meta":{"_et_pb_use_builder":"","_et_pb_old_content":"","_et_gb_content_width":"","footnotes":""},"categories":[38,47,42,44,48,41,45,56,52,46],"tags":[],"class_list":["post-794","post","type-post","status-publish","format-standard","has-post-thumbnail","hentry","category-acceso-directo","category-otras-adicciones","category-adolescentes-12-18","category-atencion-familiares","category-drogodependencias","category-ninosas","category-personas-adultas","category-primaria-es","category-salud-mental","category-personas-mayores"],"_links":{"self":[{"href":"https:\/\/salutmental.info\/es\/wp-json\/wp\/v2\/posts\/794","targetHints":{"allow":["GET"]}}],"collection":[{"href":"https:\/\/salutmental.info\/es\/wp-json\/wp\/v2\/posts"}],"about":[{"href":"https:\/\/salutmental.info\/es\/wp-json\/wp\/v2\/types\/post"}],"author":[{"embeddable":true,"href":"https:\/\/salutmental.info\/es\/wp-json\/wp\/v2\/users\/1"}],"replies":[{"embeddable":true,"href":"https:\/\/salutmental.info\/es\/wp-json\/wp\/v2\/comments?post=794"}],"version-history":[{"count":7,"href":"https:\/\/salutmental.info\/es\/wp-json\/wp\/v2\/posts\/794\/revisions"}],"predecessor-version":[{"id":5554,"href":"https:\/\/salutmental.info\/es\/wp-json\/wp\/v2\/posts\/794\/revisions\/5554"}],"wp:featuredmedia":[{"embeddable":true,"href":"https:\/\/salutmental.info\/es\/wp-json\/wp\/v2\/media\/1923"}],"wp:attachment":[{"href":"https:\/\/salutmental.info\/es\/wp-json\/wp\/v2\/media?parent=794"}],"wp:term":[{"taxonomy":"category","embeddable":true,"href":"https:\/\/salutmental.info\/es\/wp-json\/wp\/v2\/categories?post=794"},{"taxonomy":"post_tag","embeddable":true,"href":"https:\/\/salutmental.info\/es\/wp-json\/wp\/v2\/tags?post=794"}],"curies":[{"name":"wp","href":"https:\/\/api.w.org\/{rel}","templated":true}]}}