{"id":792,"date":"2017-01-11T15:35:14","date_gmt":"2017-01-11T14:35:14","guid":{"rendered":"http:\/\/salutmental.info\/?p=792\/"},"modified":"2023-07-19T10:57:12","modified_gmt":"2023-07-19T08:57:12","slug":"hospital-de-dia-de-salud-mental-para-personas-adultas","status":"publish","type":"post","link":"https:\/\/salutmental.info\/es\/hospital-de-dia-de-salud-mental-para-personas-adultas\/","title":{"rendered":"Hospital de d\u00eda de salud mental para personas adultas"},"content":{"rendered":"<p><strong>Servicio sanitario y terap\u00e9utico dirigido a personas con problemas de salud mental que necesitan un tratamiento diario no hospitalario, y de soporte a sus familias.<\/strong><\/p>\n<hr \/>\n<p><!--more--><\/p>\n<h2>UBICACI\u00d3N<\/h2>\n<p>Centro Dr. Emili Mira, Parc de Salut Mar<br \/>\nRecinto Torribera (Edificio Central)<br \/>\n<a href=\"https:\/\/www.google.com\/maps\/place\/Carrer+de+Prat+de+la+Riba,+171,+08921+Santa+Coloma+de+Gramenet,+Barcelona,+Espanya\/@41.4588158,2.2100988,17z\/data=!3m1!4b1!4m5!3m4!1s0x12a4bc884754c2eb:0xc98f7a68117aa27e!8m2!3d41.4588158!4d2.2122875\" target=\"_blank\" rel=\"noopener\">Prat de la Riba, 171 (08921 Santa Coloma de Gramenet)<br \/>\n<\/a><br \/>\n<iframe loading=\"lazy\" style=\"border: 0;\" src=\"https:\/\/www.google.com\/maps\/embed?pb=!1m18!1m12!1m3!1d2990.0968001875754!2d2.21009881542801!3d41.45881577925771!2m3!1f0!2f0!3f0!3m2!1i1024!2i768!4f13.1!3m3!1m2!1s0x12a4bc884754c2eb%3A0xc98f7a68117aa27e!2sCarrer+de+Prat+de+la+Riba%2C+171%2C+08921+Santa+Coloma+de+Gramenet%2C+Barcelona%2C+Espanya!5e0!3m2!1sca!2sus!4v1465221136633\" width=\"600\" height=\"450\" frameborder=\"0\" allowfullscreen=\"allowfullscreen\" data-mce-fragment=\"1\"><\/iframe><\/p>\n<h2>CONTACTO<\/h2>\n<p>Tel. 93 468 59 40<br \/>\n<a href=\"mailto:centreemilimira-INAD@parcdesalutmar.cat\">centreemilimira-INAD@parcdesalutmar.cat<\/a><\/p>\n<h2>A QUIEN SE DIRIGE<\/h2>\n<p>Personas mayores de edad residentes en Santa Coloma de Gramenet, Badalona y Sant Adri\u00e0 del Bes\u00f2s, afectadas por un trastorno mental grave que necesitan un abordaje intensivo, durante un per\u00edodo de tiempo limitado, para estabilizar su estado psicopatol\u00f3gico y mejorar su calidad de vida.<\/p>\n<h2>PROGRAMAS<\/h2>\n<ul>\n<li>Acogida.<\/li>\n<li>Preparaci\u00f3n para el alta con vinculaci\u00f3n y derivaci\u00f3n a la atenci\u00f3n primaria.<\/li>\n<li>Terapia psicoeducativa.<\/li>\n<li>Recuperaci\u00f3n cognitiva.<\/li>\n<li>Fomento de h\u00e1bitos saludables y habilidades sociales, y afrontamiento del estr\u00e9s.<\/li>\n<li>Entrenamiento metacognitivo.<\/li>\n<li>Talleres (relajaci\u00f3n, expresi\u00f3n art\u00edstica, cine-foro y otros).<\/li>\n<li>Apoyo a las familias.<\/li>\n<\/ul>\n<h2>V\u00cdA DE ACCESO<\/h2>\n<p>Derivaci\u00f3n por parte de un\/a especialista en psiquiatr\u00eda de la red p\u00fablica de salud mental.<\/p>\n<h2>GESTIONA<\/h2>\n<p><a href=\"http:\/\/www.parcdesalutmar.cat\/hospitals\/emili_mira\/index.html\" target=\"_blank\" rel=\"noopener\">Centre assistencial Dr. Emili Mira<\/a> \u2013 Institut de Neuropsiquiatria i Addiccions (INAD) del Parc de Salut Mar.<\/p>\n","protected":false},"excerpt":{"rendered":"<p>Servicio sanitario y terap\u00e9utico dirigido a personas con problemas de salud mental que necesitan un tratamiento diario no hospitalario, y de soporte a sus familias.<\/p>\n","protected":false},"author":1,"featured_media":419,"comment_status":"open","ping_status":"open","sticky":false,"template":"","format":"standard","meta":{"_et_pb_use_builder":"","_et_pb_old_content":"","_et_gb_content_width":"","footnotes":""},"categories":[44,40,55,45,52],"tags":[],"class_list":["post-792","post","type-post","status-publish","format-standard","has-post-thumbnail","hentry","category-atencion-familiares","category-derivacion-de-servicio-especializado","category-comunitaria-es","category-personas-adultas","category-salud-mental"],"_links":{"self":[{"href":"https:\/\/salutmental.info\/es\/wp-json\/wp\/v2\/posts\/792","targetHints":{"allow":["GET"]}}],"collection":[{"href":"https:\/\/salutmental.info\/es\/wp-json\/wp\/v2\/posts"}],"about":[{"href":"https:\/\/salutmental.info\/es\/wp-json\/wp\/v2\/types\/post"}],"author":[{"embeddable":true,"href":"https:\/\/salutmental.info\/es\/wp-json\/wp\/v2\/users\/1"}],"replies":[{"embeddable":true,"href":"https:\/\/salutmental.info\/es\/wp-json\/wp\/v2\/comments?post=792"}],"version-history":[{"count":7,"href":"https:\/\/salutmental.info\/es\/wp-json\/wp\/v2\/posts\/792\/revisions"}],"predecessor-version":[{"id":5672,"href":"https:\/\/salutmental.info\/es\/wp-json\/wp\/v2\/posts\/792\/revisions\/5672"}],"wp:featuredmedia":[{"embeddable":true,"href":"https:\/\/salutmental.info\/es\/wp-json\/wp\/v2\/media\/419"}],"wp:attachment":[{"href":"https:\/\/salutmental.info\/es\/wp-json\/wp\/v2\/media?parent=792"}],"wp:term":[{"taxonomy":"category","embeddable":true,"href":"https:\/\/salutmental.info\/es\/wp-json\/wp\/v2\/categories?post=792"},{"taxonomy":"post_tag","embeddable":true,"href":"https:\/\/salutmental.info\/es\/wp-json\/wp\/v2\/tags?post=792"}],"curies":[{"name":"wp","href":"https:\/\/api.w.org\/{rel}","templated":true}]}}