{"id":788,"date":"2017-01-11T15:13:20","date_gmt":"2017-01-11T14:13:20","guid":{"rendered":"http:\/\/salutmental.info\/?p=788\/"},"modified":"2023-07-18T11:42:19","modified_gmt":"2023-07-18T09:42:19","slug":"espacio-situate-proyecto-activate-por-la-salud-mental","status":"publish","type":"post","link":"https:\/\/salutmental.info\/es\/espacio-situate-proyecto-activate-por-la-salud-mental\/","title":{"rendered":"Espacio Situa&#8217;t \/ Act\u00edvate por la salud mental"},"content":{"rendered":"<p><strong>Informaci\u00f3n en salud mental para profesionales, personas afectadas, familiares y personas interesadas, asesoramiento legal, y creaci\u00f3n de espacios horizontales de encuentro y corresponsabilidad, psicoeducativos y de empoderamiento.<\/strong><\/p>\n<hr \/>\n<p><!--more--><\/p>\n<h2>UBICACI\u00d3N<\/h2>\n<p>Club social Gramenet<br \/>\n<a href=\"https:\/\/goo.gl\/maps\/HmFaDhqLwSR2\" target=\"_blank\" rel=\"noopener\">Major, 67 (08921 Santa Coloma de Gramenet)<\/a><\/p>\n<p><iframe loading=\"lazy\" src=\"https:\/\/www.google.com\/maps\/embed?pb=!1m18!1m12!1m3!1d2990.389728877372!2d2.202231515427816!3d41.45246177925826!2m3!1f0!2f0!3f0!3m2!1i1024!2i768!4f13.1!3m3!1m2!1s0x12a4bc8d29252249%3A0x2f703ccc41557d8a!2sCarrer+Major%2C+67%2C+08921+Santa+Coloma+de+Gramenet%2C+Barcelona!5e0!3m2!1sca!2ses!4v1528113580490\" width=\"600\" height=\"450\" frameborder=\"0\" allowfullscreen=\"allowfullscreen\"><\/iframe><\/p>\n<hr \/>\n<h2>CONTACTO<\/h2>\n<p>Tel. 605 408 243<br \/>\n<a href=\"mailto:gramenet@activatperlasalutmental.org\">gramenet@activatperlasalutmental.org<\/a><\/p>\n<hr \/>\n<h2>A QUIEN SE DIRIGE<\/h2>\n<p>Personas y familiares con experiencia directa en problemas de salud mental, y profesionales y poblaci\u00f3n general con inter\u00e9s o dudas sobre la salud mental.<\/p>\n<hr \/>\n<h2>PROGRAMAS<\/h2>\n<ul>\n<li>Informaci\u00f3n y asesoramiento sobre los trastornos mentales en la poblaci\u00f3n.<\/li>\n<li>Punto de atenci\u00f3n comunitaria y de informaci\u00f3n en salud mental a personas interesadas, afectadas y a sus familias (servicios, informaci\u00f3n jur\u00eddica, tr\u00e1mites, documentaci\u00f3n, escucha&#8230;).<\/li>\n<li>Atenci\u00f3n y gesti\u00f3n de las demandas para el Servicio de Atenci\u00f3n Jur\u00eddica dirigido a personas con un trastorno mental y a sus familiares.<\/li>\n<li>Apoyo y asesoramiento a profesionales y servicios del territorio en materia de salud mental.<\/li>\n<li>Proyecto Act\u00edvate para la salud mental.<\/li>\n<\/ul>\n<hr \/>\n<h2>V\u00cdA DE ACCESO<\/h2>\n<p><strong>Espai Situa&#8217;t<\/strong>: acceso abierto y libre por propia iniciativa o por derivaci\u00f3n de la red de salud o social, pidiendo d\u00eda y hora.<br \/>\n<strong>Proyecto Act\u00edvate para la salud mental<\/strong>: derivaci\u00f3n desde el CSMA Mart\u00ed i Juli\u00e0.<\/p>\n<hr \/>\n<h2>M\u00c1S INFORMACI\u00d3N<\/h2>\n<p><a href=\"http:\/\/activatperlasalutmental.org\" target=\"_blank\" rel=\"noopener noreferrer\">Activa&#8217;t per la salut mental<\/a><\/p>\n<hr \/>\n<h2>GESTIONA<\/h2>\n<p><a href=\"http:\/\/salutmental.org\" target=\"_blank\" rel=\"noopener noreferrer\">Federaci\u00f3 Salut Mental Catalunya<\/a><\/p>\n","protected":false},"excerpt":{"rendered":"<p>Informaci\u00f3n en salud mental para profesionales, personas afectadas, familiares y personas interesadas, asesoramiento legal, y creaci\u00f3n de espacios horizontales de encuentro y corresponsabilidad, psicoeducativos y de empoderamiento.<\/p>\n","protected":false},"author":1,"featured_media":252,"comment_status":"open","ping_status":"open","sticky":false,"template":"","format":"standard","meta":{"_et_pb_use_builder":"","_et_pb_old_content":"","_et_gb_content_width":"","footnotes":""},"categories":[32],"tags":[],"class_list":["post-788","post","type-post","status-publish","format-standard","has-post-thumbnail","hentry","category-sin-categorizar"],"_links":{"self":[{"href":"https:\/\/salutmental.info\/es\/wp-json\/wp\/v2\/posts\/788","targetHints":{"allow":["GET"]}}],"collection":[{"href":"https:\/\/salutmental.info\/es\/wp-json\/wp\/v2\/posts"}],"about":[{"href":"https:\/\/salutmental.info\/es\/wp-json\/wp\/v2\/types\/post"}],"author":[{"embeddable":true,"href":"https:\/\/salutmental.info\/es\/wp-json\/wp\/v2\/users\/1"}],"replies":[{"embeddable":true,"href":"https:\/\/salutmental.info\/es\/wp-json\/wp\/v2\/comments?post=788"}],"version-history":[{"count":9,"href":"https:\/\/salutmental.info\/es\/wp-json\/wp\/v2\/posts\/788\/revisions"}],"predecessor-version":[{"id":5606,"href":"https:\/\/salutmental.info\/es\/wp-json\/wp\/v2\/posts\/788\/revisions\/5606"}],"wp:featuredmedia":[{"embeddable":true,"href":"https:\/\/salutmental.info\/es\/wp-json\/wp\/v2\/media\/252"}],"wp:attachment":[{"href":"https:\/\/salutmental.info\/es\/wp-json\/wp\/v2\/media?parent=788"}],"wp:term":[{"taxonomy":"category","embeddable":true,"href":"https:\/\/salutmental.info\/es\/wp-json\/wp\/v2\/categories?post=788"},{"taxonomy":"post_tag","embeddable":true,"href":"https:\/\/salutmental.info\/es\/wp-json\/wp\/v2\/tags?post=788"}],"curies":[{"name":"wp","href":"https:\/\/api.w.org\/{rel}","templated":true}]}}