{"id":785,"date":"2017-01-11T14:48:26","date_gmt":"2017-01-11T13:48:26","guid":{"rendered":"http:\/\/salutmental.info\/?p=785\/"},"modified":"2023-07-18T10:02:59","modified_gmt":"2023-07-18T08:02:59","slug":"equipo-de-evaluacion-integral-ambulatoria-de-trastornos-cognitivos","status":"publish","type":"post","link":"https:\/\/salutmental.info\/es\/equipo-de-evaluacion-integral-ambulatoria-de-trastornos-cognitivos\/","title":{"rendered":"Equipo de evaluaci\u00f3n integral ambulatoria de trastornos cognitivos"},"content":{"rendered":"<p><strong>Servicio de detecci\u00f3n y tratamiento para personas con una fase inicial de demencias y otras patolog\u00edas cognitivas.<\/strong><\/p>\n<hr \/>\n<p><!--more--><\/p>\n<h2>UBICACI\u00d3N<\/h2>\n<p>Centro Dr. Emili Mira, Parc de Salut Mar<br \/>\nRecinto Torribera (Edificio Llevant)<br \/>\n<a href=\"https:\/\/www.google.com\/maps\/place\/Carrer+de+Prat+de+la+Riba,+171,+08921+Santa+Coloma+de+Gramenet,+Barcelona,+Espanya\/@41.4588158,2.2100988,17z\/data=!3m1!4b1!4m5!3m4!1s0x12a4bc884754c2eb:0xc98f7a68117aa27e!8m2!3d41.4588158!4d2.2122875\" target=\"_blank\" rel=\"noopener\">Prat de la Riba, 171 (08921 Santa Coloma de Gramenet)<\/a><br \/>\n<iframe loading=\"lazy\" style=\"border: 0;\" src=\"https:\/\/www.google.com\/maps\/embed?pb=!1m18!1m12!1m3!1d2990.0968001875754!2d2.21009881542801!3d41.45881577925771!2m3!1f0!2f0!3f0!3m2!1i1024!2i768!4f13.1!3m3!1m2!1s0x12a4bc884754c2eb%3A0xc98f7a68117aa27e!2sCarrer+de+Prat+de+la+Riba%2C+171%2C+08921+Santa+Coloma+de+Gramenet%2C+Barcelona%2C+Espanya!5e0!3m2!1sca!2sus!4v1465221136633\" width=\"600\" height=\"450\" frameborder=\"0\" allowfullscreen=\"allowfullscreen\" data-mce-fragment=\"1\"><\/iframe><\/p>\n<h2>CONTACTO<\/h2>\n<p>Tel. 93 462 89 00 \/ 22<br \/>\n<a href=\"mailto:centreemilimira-INAD@parcdesalutmar.cat\">centreemilimira-INAD@parcdesalutmar.cat<\/a><\/p>\n<h2>A QUIEN SE DIRIGE<\/h2>\n<p>Personas con trastornos cognitivos o conductuales con sospecha de la existencia de una enfermedad demenciante que requieren un tratamiento o abordaje especializado, o con otras enfermedades con s\u00edntomas cognitivos o conductuales que requieren un diagn\u00f3stico diferencial.<\/p>\n<h2>PROGRAMAS<\/h2>\n<ul>\n<li>Atenci\u00f3n ambulatoria de referencia para personas con Alzheimer y otras demencias.<\/li>\n<li>Diagn\u00f3stico de las causas y s\u00edntomas de las personas con demencia.<\/li>\n<li>Tratamiento espec\u00edfico integral y seguimiento especializado.<\/li>\n<li>Formaci\u00f3n y apoyo a la persona cuidadora.<\/li>\n<li>Psicoestimulaci\u00f3n ambulatoria para personas con deterioro cognitivo leve y demencia inicial.<\/li>\n<\/ul>\n<h2>V\u00cdA DE ACCESO<\/h2>\n<p>Mediante el m\u00e9dico o m\u00e9dica responsable de la atenci\u00f3n a la persona.<\/p>\n<h2>GESTIONA<\/h2>\n<p><a href=\"http:\/\/www.parcdesalutmar.cat\/hospitals\/emili_mira\/index.html\" target=\"_blank\" rel=\"noopener\">Centre assistencial Dr. Emili Mira<\/a> \u2013 Institut de Neuropsiquiatria i Addiccions (INAD) del Parc de Salut Mar.<\/p>\n","protected":false},"excerpt":{"rendered":"<p>Servicio de detecci\u00f3n y tratamiento para personas con una fase inicial de demencias y otras patolog\u00edas cognitivas.<\/p>\n","protected":false},"author":1,"featured_media":420,"comment_status":"open","ping_status":"open","sticky":false,"template":"","format":"standard","meta":{"_et_pb_use_builder":"","_et_pb_old_content":"","_et_gb_content_width":"","footnotes":""},"categories":[44,40,55,53,52,46],"tags":[],"class_list":["post-785","post","type-post","status-publish","format-standard","has-post-thumbnail","hentry","category-atencion-familiares","category-derivacion-de-servicio-especializado","category-comunitaria-es","category-transtornos-cognitivos-y-psicogeriatria","category-salud-mental","category-personas-mayores"],"_links":{"self":[{"href":"https:\/\/salutmental.info\/es\/wp-json\/wp\/v2\/posts\/785","targetHints":{"allow":["GET"]}}],"collection":[{"href":"https:\/\/salutmental.info\/es\/wp-json\/wp\/v2\/posts"}],"about":[{"href":"https:\/\/salutmental.info\/es\/wp-json\/wp\/v2\/types\/post"}],"author":[{"embeddable":true,"href":"https:\/\/salutmental.info\/es\/wp-json\/wp\/v2\/users\/1"}],"replies":[{"embeddable":true,"href":"https:\/\/salutmental.info\/es\/wp-json\/wp\/v2\/comments?post=785"}],"version-history":[{"count":4,"href":"https:\/\/salutmental.info\/es\/wp-json\/wp\/v2\/posts\/785\/revisions"}],"predecessor-version":[{"id":5569,"href":"https:\/\/salutmental.info\/es\/wp-json\/wp\/v2\/posts\/785\/revisions\/5569"}],"wp:featuredmedia":[{"embeddable":true,"href":"https:\/\/salutmental.info\/es\/wp-json\/wp\/v2\/media\/420"}],"wp:attachment":[{"href":"https:\/\/salutmental.info\/es\/wp-json\/wp\/v2\/media?parent=785"}],"wp:term":[{"taxonomy":"category","embeddable":true,"href":"https:\/\/salutmental.info\/es\/wp-json\/wp\/v2\/categories?post=785"},{"taxonomy":"post_tag","embeddable":true,"href":"https:\/\/salutmental.info\/es\/wp-json\/wp\/v2\/tags?post=785"}],"curies":[{"name":"wp","href":"https:\/\/api.w.org\/{rel}","templated":true}]}}