{"id":784,"date":"2017-01-11T14:44:28","date_gmt":"2017-01-11T13:44:28","guid":{"rendered":"http:\/\/salutmental.info\/?p=784\/"},"modified":"2023-07-18T10:01:36","modified_gmt":"2023-07-18T08:01:36","slug":"hospital-de-dia-de-trastornos-cognitivos","status":"publish","type":"post","link":"https:\/\/salutmental.info\/es\/hospital-de-dia-de-trastornos-cognitivos\/","title":{"rendered":"Hospital de d\u00eda de trastornos cognitivos"},"content":{"rendered":"<p><strong>Recurso diurno de psicoestimulaci\u00f3n y tratamiento de personas con problemas cognitivos leves o moderados (alzh\u00e9imer y otras demencias) para ralentizar su deterioro y mantener la autonom\u00eda, y de soporte a quien cuida de la persona.<\/strong><\/p>\n<hr \/>\n<p><!--more--><\/p>\n<h2>UBICACI\u00d3N<\/h2>\n<p>Centro Dr. Emili Mira, Parc de Salut Mar<br \/>\nRecinto Torribera (Edificio Central)<br \/>\n<a href=\"https:\/\/www.google.com\/maps\/place\/Carrer+de+Prat+de+la+Riba,+171,+08921+Santa+Coloma+de+Gramenet,+Barcelona,+Espanya\/@41.4588158,2.2100988,17z\/data=!3m1!4b1!4m5!3m4!1s0x12a4bc884754c2eb:0xc98f7a68117aa27e!8m2!3d41.4588158!4d2.2122875\" target=\"_blank\" rel=\"noopener\">Prat de la Riba, 171 (08921 Santa Coloma de Gramenet)<\/a><br \/>\n<iframe loading=\"lazy\" style=\"border: 0;\" src=\"https:\/\/www.google.com\/maps\/embed?pb=!1m18!1m12!1m3!1d2990.0968001875754!2d2.21009881542801!3d41.45881577925771!2m3!1f0!2f0!3f0!3m2!1i1024!2i768!4f13.1!3m3!1m2!1s0x12a4bc884754c2eb%3A0xc98f7a68117aa27e!2sCarrer+de+Prat+de+la+Riba%2C+171%2C+08921+Santa+Coloma+de+Gramenet%2C+Barcelona%2C+Espanya!5e0!3m2!1sca!2sus!4v1465221136633\" width=\"600\" height=\"450\" frameborder=\"0\" allowfullscreen=\"allowfullscreen\" data-mce-fragment=\"1\"><\/iframe><\/p>\n<h2>CONTACTO<\/h2>\n<p>Tel. 93 462 89 00 \/ 37<br \/>\n<a href=\"mailto:centreemilimira-INAD@parcdesalutmar.cat\">centreemilimira-INAD@parcdesalutmar.cat<\/a><\/p>\n<h2>A QUIEN SE DIRIGE<\/h2>\n<p>Personas afectadas de la enfermedad de Alzheimer u otras demencias que presentan un grado de deterioro cognitivo leve o moderado y pueden beneficiarse de un programa psicoestimulativo integral, para ralentizar la progresi\u00f3n del deterioro y mantener la m\u00e1xima autonom\u00eda posible y su permanencia en el n\u00facleo familiar.<\/p>\n<h2>PROGRAMAS<\/h2>\n<ul>\n<li>Psicoestimulaci\u00f3n adaptada a la persona y al estado evolutivo de la enfermedad.<\/li>\n<li>Evaluaci\u00f3n y tratamiento de la psicopatolog\u00eda asociada a la demencia como los trastornos conductuales.<\/li>\n<li>Prevenci\u00f3n de las situaciones de riesgo y complicaciones asociadas al deterioro cognitivo (alteraciones de la nutrici\u00f3n, ca\u00eddas y otros).<\/li>\n<li>Asesoramiento, formaci\u00f3n y apoyo emocional a quien cuida de la persona enferma.<\/li>\n<\/ul>\n<h2>V\u00cdA DE ACCESO<\/h2>\n<p>Mediante el equipo responsable de la atenci\u00f3n de la persona del centro de atenci\u00f3n primaria o del hospital.<\/p>\n<h2>GESTIONA<\/h2>\n<p><a href=\"http:\/\/www.parcdesalutmar.cat\/hospitals\/emili_mira\/index.html\" target=\"_blank\" rel=\"noopener\">Centre assistencial Dr. Emili Mira<\/a> \u2013 Institut de Neuropsiquiatria i Addiccions (INAD) del Parc de Salut Mar.<\/p>\n","protected":false},"excerpt":{"rendered":"<p>Recurso diurno de psicoestimulaci\u00f3n y tratamiento de personas con problemas cognitivos leves o moderados (alzh\u00e9imer y otras demencias) para ralentizar su deterioro y mantener la autonom\u00eda, y de soporte a quien cuida de la persona.<\/p>\n","protected":false},"author":1,"featured_media":417,"comment_status":"open","ping_status":"open","sticky":false,"template":"","format":"standard","meta":{"_et_pb_use_builder":"","_et_pb_old_content":"","_et_gb_content_width":"","footnotes":""},"categories":[40,55,53,52,46],"tags":[],"class_list":["post-784","post","type-post","status-publish","format-standard","has-post-thumbnail","hentry","category-derivacion-de-servicio-especializado","category-comunitaria-es","category-transtornos-cognitivos-y-psicogeriatria","category-salud-mental","category-personas-mayores"],"_links":{"self":[{"href":"https:\/\/salutmental.info\/es\/wp-json\/wp\/v2\/posts\/784","targetHints":{"allow":["GET"]}}],"collection":[{"href":"https:\/\/salutmental.info\/es\/wp-json\/wp\/v2\/posts"}],"about":[{"href":"https:\/\/salutmental.info\/es\/wp-json\/wp\/v2\/types\/post"}],"author":[{"embeddable":true,"href":"https:\/\/salutmental.info\/es\/wp-json\/wp\/v2\/users\/1"}],"replies":[{"embeddable":true,"href":"https:\/\/salutmental.info\/es\/wp-json\/wp\/v2\/comments?post=784"}],"version-history":[{"count":5,"href":"https:\/\/salutmental.info\/es\/wp-json\/wp\/v2\/posts\/784\/revisions"}],"predecessor-version":[{"id":5567,"href":"https:\/\/salutmental.info\/es\/wp-json\/wp\/v2\/posts\/784\/revisions\/5567"}],"wp:featuredmedia":[{"embeddable":true,"href":"https:\/\/salutmental.info\/es\/wp-json\/wp\/v2\/media\/417"}],"wp:attachment":[{"href":"https:\/\/salutmental.info\/es\/wp-json\/wp\/v2\/media?parent=784"}],"wp:term":[{"taxonomy":"category","embeddable":true,"href":"https:\/\/salutmental.info\/es\/wp-json\/wp\/v2\/categories?post=784"},{"taxonomy":"post_tag","embeddable":true,"href":"https:\/\/salutmental.info\/es\/wp-json\/wp\/v2\/tags?post=784"}],"curies":[{"name":"wp","href":"https:\/\/api.w.org\/{rel}","templated":true}]}}