{"id":781,"date":"2017-01-11T12:46:45","date_gmt":"2017-01-11T11:46:45","guid":{"rendered":"http:\/\/salutmental.info\/?p=781\/"},"modified":"2023-07-19T10:53:58","modified_gmt":"2023-07-19T08:53:58","slug":"urgencias-de-salud-mental-y-hospitalizacion-breve","status":"publish","type":"post","link":"https:\/\/salutmental.info\/es\/urgencias-de-salud-mental-y-hospitalizacion-breve\/","title":{"rendered":"Proceso de hospitalizaci\u00f3n breve"},"content":{"rendered":"<p><strong>Servicio hospitalario para atender momentos cr\u00edticos con un tratamiento corto, cuyo seguimiento pasar\u00e1 a recursos de la propia comunidad.<\/strong><\/p>\n<hr \/>\n<p><!--more--><\/p>\n<h2>UBICACI\u00d3N<\/h2>\n<p>Centro Dr. Emili Mira, Parc de Salut Mar<br \/>\nRecinto Torribera (Edificio Central)<br \/>\n<a href=\"https:\/\/www.google.com\/maps\/place\/Carrer+de+Prat+de+la+Riba,+171,+08921+Santa+Coloma+de+Gramenet,+Barcelona,+Espanya\/@41.4588158,2.2100988,17z\/data=!3m1!4b1!4m5!3m4!1s0x12a4bc884754c2eb:0xc98f7a68117aa27e!8m2!3d41.4588158!4d2.2122875\" target=\"_blank\" rel=\"noopener noreferrer\">Prat de la Riba, 171 (08921 Santa Coloma de Gramenet)<\/a><br \/>\n<iframe loading=\"lazy\" style=\"border: 0;\" src=\"https:\/\/www.google.com\/maps\/embed?pb=!1m18!1m12!1m3!1d2990.0968001875754!2d2.21009881542801!3d41.45881577925771!2m3!1f0!2f0!3f0!3m2!1i1024!2i768!4f13.1!3m3!1m2!1s0x12a4bc884754c2eb%3A0xc98f7a68117aa27e!2sCarrer+de+Prat+de+la+Riba%2C+171%2C+08921+Santa+Coloma+de+Gramenet%2C+Barcelona%2C+Espanya!5e0!3m2!1sca!2sus!4v1465221136633\" width=\"600\" height=\"450\" frameborder=\"0\" allowfullscreen=\"allowfullscreen\" data-mce-fragment=\"1\"><\/iframe><\/p>\n<h2>CONTACTO<\/h2>\n<p>Tel. 93 462 89 00<br \/>\n<a href=\"mailto:centreemilimira-INAD@parcdesalutmar.cat\">centreemilimira-INAD@parcdesalutmar.cat<\/a><\/p>\n<h2>A QUIEN SE DIRIGE<\/h2>\n<p>Personas mayores de edad que requieren de tratamiento y observaci\u00f3n intensivo por sintomatolog\u00eda psiqui\u00e1trica que no es posible resolver de manera ambulatoria.<\/p>\n<h2>PROGRAMAS<\/h2>\n<ul>\n<li><strong>Unidad H2 Unidad de hospitalizaci\u00f3n intensiva<\/strong><br \/>\nHospitalizaci\u00f3n psiqui\u00e1trica para personas que requieren de un nivel de atenci\u00f3n y observaci\u00f3n intensivo.<\/li>\n<li><b>Unidad H6 Unidad abierta de hospitalizaci\u00f3n<br \/>\n<\/b>Hospitalizaci\u00f3n psiqui\u00e1trica para personas con una evoluci\u00f3n positiva de la crisis que motiv\u00f3 el ingreso, pero que a\u00fan precisan seguir hospitalizadas hasta recibir el alta o ser derivada a otros recursos.<\/li>\n<\/ul>\n<h2>V\u00cdA DE ACCESO<\/h2>\n<p>El acceso e ingreso a las unidades se realiza a trav\u00e9s del servicio de urgencias psiqui\u00e1tricas o bien por derivaci\u00f3n de otros recursos de la red de atenci\u00f3n a la salud mental.<\/p>\n<h2>GESTIONA<\/h2>\n<p><a href=\"http:\/\/www.parcdesalutmar.cat\/hospitals\/emili_mira\/index.html\" target=\"_blank\" rel=\"noopener noreferrer\">Centre assistencial Dr. Emili Mira<\/a> \u2013 Institut de Neuropsiquiatria i Addiccions (INAD) del Parc de Salut Mar.<\/p>\n","protected":false},"excerpt":{"rendered":"<p>Servicio hospitalario para atender momentos cr\u00edticos con un tratamiento corto, cuyo seguimiento pasar\u00e1 a recursos de la propia comunidad.<\/p>\n","protected":false},"author":1,"featured_media":412,"comment_status":"open","ping_status":"open","sticky":false,"template":"","format":"standard","meta":{"_et_pb_use_builder":"","_et_pb_old_content":"","_et_gb_content_width":"","footnotes":""},"categories":[38,58,45,52],"tags":[],"class_list":["post-781","post","type-post","status-publish","format-standard","has-post-thumbnail","hentry","category-acceso-directo","category-hospitalaria-es","category-personas-adultas","category-salud-mental"],"_links":{"self":[{"href":"https:\/\/salutmental.info\/es\/wp-json\/wp\/v2\/posts\/781","targetHints":{"allow":["GET"]}}],"collection":[{"href":"https:\/\/salutmental.info\/es\/wp-json\/wp\/v2\/posts"}],"about":[{"href":"https:\/\/salutmental.info\/es\/wp-json\/wp\/v2\/types\/post"}],"author":[{"embeddable":true,"href":"https:\/\/salutmental.info\/es\/wp-json\/wp\/v2\/users\/1"}],"replies":[{"embeddable":true,"href":"https:\/\/salutmental.info\/es\/wp-json\/wp\/v2\/comments?post=781"}],"version-history":[{"count":5,"href":"https:\/\/salutmental.info\/es\/wp-json\/wp\/v2\/posts\/781\/revisions"}],"predecessor-version":[{"id":5662,"href":"https:\/\/salutmental.info\/es\/wp-json\/wp\/v2\/posts\/781\/revisions\/5662"}],"wp:featuredmedia":[{"embeddable":true,"href":"https:\/\/salutmental.info\/es\/wp-json\/wp\/v2\/media\/412"}],"wp:attachment":[{"href":"https:\/\/salutmental.info\/es\/wp-json\/wp\/v2\/media?parent=781"}],"wp:term":[{"taxonomy":"category","embeddable":true,"href":"https:\/\/salutmental.info\/es\/wp-json\/wp\/v2\/categories?post=781"},{"taxonomy":"post_tag","embeddable":true,"href":"https:\/\/salutmental.info\/es\/wp-json\/wp\/v2\/tags?post=781"}],"curies":[{"name":"wp","href":"https:\/\/api.w.org\/{rel}","templated":true}]}}