{"id":760,"date":"2017-01-11T11:43:16","date_gmt":"2017-01-11T10:43:16","guid":{"rendered":"http:\/\/salutmental.info\/?p=760\/"},"modified":"2023-07-19T11:30:58","modified_gmt":"2023-07-19T09:30:58","slug":"servicio-de-media-y-larga-estancia-psiquiatrica","status":"publish","type":"post","link":"https:\/\/salutmental.info\/es\/servicio-de-media-y-larga-estancia-psiquiatrica\/","title":{"rendered":"Servicio de media y larga estancia psiqui\u00e1trica"},"content":{"rendered":"<p><strong>Servicio terap\u00e9utico de tratamiento con internamiento para personas con un problema de salud mental grave e inestable con riesgo importante para quien tiene el trastorno o su entorno.<\/strong><\/p>\n<hr \/>\n<p><!--more--><\/p>\n<h2>UBICACI\u00d3N<\/h2>\n<p>Centro Dr. Emili Mira, Parc de Salut Mar<br \/>\nRecinto Torribera (Edificio Central)<br \/>\n<a href=\"https:\/\/www.google.com\/maps\/place\/Carrer+de+Prat+de+la+Riba,+171,+08921+Santa+Coloma+de+Gramenet,+Barcelona,+Espanya\/@41.4588158,2.2100988,17z\/data=!3m1!4b1!4m5!3m4!1s0x12a4bc884754c2eb:0xc98f7a68117aa27e!8m2!3d41.4588158!4d2.2122875\" target=\"_blank\" rel=\"noopener\">Prat de la Riba, 171 (08921 Santa Coloma de Gramenet)<\/a><br \/>\n<iframe loading=\"lazy\" style=\"border: 0;\" src=\"https:\/\/www.google.com\/maps\/embed?pb=!1m18!1m12!1m3!1d2990.0968001875754!2d2.21009881542801!3d41.45881577925771!2m3!1f0!2f0!3f0!3m2!1i1024!2i768!4f13.1!3m3!1m2!1s0x12a4bc884754c2eb%3A0xc98f7a68117aa27e!2sCarrer+de+Prat+de+la+Riba%2C+171%2C+08921+Santa+Coloma+de+Gramenet%2C+Barcelona%2C+Espanya!5e0!3m2!1sca!2sus!4v1465221136633\" width=\"600\" height=\"450\" frameborder=\"0\" allowfullscreen=\"allowfullscreen\" data-mce-fragment=\"1\"><\/iframe><\/p>\n<hr \/>\n<h2>CONTACTO<\/h2>\n<p>Tel. 93 462 89 00<br \/>\n<a href=\"mailto:centreemilimira-INAD@parcdesalutmar.cat\">centreemilimira-INAD@parcdesalutmar.cat<\/a><\/p>\n<hr \/>\n<h2>A QUIEN SE DIRIGE<\/h2>\n<p>Personas mayores de edad que presentan un trastorno mental severo con inestabilidad cl\u00ednica que resulta de alto riesgo para la propia persona y las que lo rodean, con necesidad de una rehabilitaci\u00f3n orientada a la conciencia de enfermedad, mejora de los d\u00e9ficits funcionales y promoci\u00f3n de la capacidad de autocuidado que posibilite el logro de ciertos niveles de autonom\u00eda.<\/p>\n<hr \/>\n<h2>PROGRAMAS<\/h2>\n<ul>\n<li>Valoraci\u00f3n y tratamiento de la patolog\u00eda psiqui\u00e1trica y som\u00e1tica.<\/li>\n<li>Seguimiento psicol\u00f3gico, sanitario y social.<\/li>\n<li>Terapia ocupacional.<\/li>\n<li>Actividades rehabilitadoras y de reinserci\u00f3n hospitalarias y comunitarias.<\/li>\n<li>Talleres de actividades cotidianas, de movilidad funcional, deportivas, art\u00edsticas y l\u00fadicas.<\/li>\n<li>Voluntariado.<\/li>\n<\/ul>\n<hr \/>\n<h2>V\u00cdA DE ACCESO<\/h2>\n<p>Solicitud desde otro recurso de la red de salud mental.<\/p>\n<hr \/>\n<h2>GESTIONA<\/h2>\n<p><a href=\"http:\/\/www.parcdesalutmar.cat\/hospitals\/emili_mira\/index.html\" target=\"_blank\" rel=\"noopener\">Centre assistencial Dr. Emili Mira<\/a> \u2013 Institut de Neuropsiquiatria i Addiccions (INAD) del Parc de Salut Mar.<\/p>\n","protected":false},"excerpt":{"rendered":"<p>Servicio terap\u00e9utico de tratamiento con internamiento para personas con un problema de salud mental grave e inestable con riesgo importante para quien tiene el trastorno o su entorno.<\/p>\n","protected":false},"author":1,"featured_media":416,"comment_status":"open","ping_status":"open","sticky":false,"template":"","format":"standard","meta":{"_et_pb_use_builder":"","_et_pb_old_content":"","_et_gb_content_width":"","footnotes":""},"categories":[40,58,45,52],"tags":[],"class_list":["post-760","post","type-post","status-publish","format-standard","has-post-thumbnail","hentry","category-derivacion-de-servicio-especializado","category-hospitalaria-es","category-personas-adultas","category-salud-mental"],"_links":{"self":[{"href":"https:\/\/salutmental.info\/es\/wp-json\/wp\/v2\/posts\/760","targetHints":{"allow":["GET"]}}],"collection":[{"href":"https:\/\/salutmental.info\/es\/wp-json\/wp\/v2\/posts"}],"about":[{"href":"https:\/\/salutmental.info\/es\/wp-json\/wp\/v2\/types\/post"}],"author":[{"embeddable":true,"href":"https:\/\/salutmental.info\/es\/wp-json\/wp\/v2\/users\/1"}],"replies":[{"embeddable":true,"href":"https:\/\/salutmental.info\/es\/wp-json\/wp\/v2\/comments?post=760"}],"version-history":[{"count":4,"href":"https:\/\/salutmental.info\/es\/wp-json\/wp\/v2\/posts\/760\/revisions"}],"predecessor-version":[{"id":5712,"href":"https:\/\/salutmental.info\/es\/wp-json\/wp\/v2\/posts\/760\/revisions\/5712"}],"wp:featuredmedia":[{"embeddable":true,"href":"https:\/\/salutmental.info\/es\/wp-json\/wp\/v2\/media\/416"}],"wp:attachment":[{"href":"https:\/\/salutmental.info\/es\/wp-json\/wp\/v2\/media?parent=760"}],"wp:term":[{"taxonomy":"category","embeddable":true,"href":"https:\/\/salutmental.info\/es\/wp-json\/wp\/v2\/categories?post=760"},{"taxonomy":"post_tag","embeddable":true,"href":"https:\/\/salutmental.info\/es\/wp-json\/wp\/v2\/tags?post=760"}],"curies":[{"name":"wp","href":"https:\/\/api.w.org\/{rel}","templated":true}]}}