{"id":759,"date":"2017-01-11T11:47:22","date_gmt":"2017-01-11T10:47:22","guid":{"rendered":"http:\/\/salutmental.info\/?p=759\/"},"modified":"2023-07-18T10:04:36","modified_gmt":"2023-07-18T08:04:36","slug":"unidad-de-convalecencia-media-estancia-psicogeriatrica","status":"publish","type":"post","link":"https:\/\/salutmental.info\/es\/unidad-de-convalecencia-media-estancia-psicogeriatrica\/","title":{"rendered":"Unidad de convalecencia \/ Media estancia psicogeri\u00e1trica"},"content":{"rendered":"<p><strong>Servicio de hospitalizaci\u00f3n de corta o media estancia para personas con deterioro cognitivo, alzh\u00e9imer u otras demencias para su diagn\u00f3stico y tratamiento.<\/strong><\/p>\n<hr \/>\n<p><!--more--><\/p>\n<h2>UBICACI\u00d3N<\/h2>\n<p>Centro Dr. Emili Mira, Parc de Salut Mar<br \/>\nRecinto Torribera (Edificio Llevant)<br \/>\n<a href=\"https:\/\/www.google.com\/maps\/place\/Carrer+de+Prat+de+la+Riba,+171,+08921+Santa+Coloma+de+Gramenet,+Barcelona,+Espanya\/@41.4588158,2.2100988,17z\/data=!3m1!4b1!4m5!3m4!1s0x12a4bc884754c2eb:0xc98f7a68117aa27e!8m2!3d41.4588158!4d2.2122875\" target=\"_blank\" rel=\"noopener\">Prat de la Riba, 171 (08921 Santa Coloma de Gramenet)<\/a><br \/>\n<iframe loading=\"lazy\" style=\"border: 0;\" src=\"https:\/\/www.google.com\/maps\/embed?pb=!1m18!1m12!1m3!1d2990.0968001875754!2d2.21009881542801!3d41.45881577925771!2m3!1f0!2f0!3f0!3m2!1i1024!2i768!4f13.1!3m3!1m2!1s0x12a4bc884754c2eb%3A0xc98f7a68117aa27e!2sCarrer+de+Prat+de+la+Riba%2C+171%2C+08921+Santa+Coloma+de+Gramenet%2C+Barcelona%2C+Espanya!5e0!3m2!1sca!2sus!4v1465221136633\" width=\"600\" height=\"450\" frameborder=\"0\" allowfullscreen=\"allowfullscreen\" data-mce-fragment=\"1\"><\/iframe><\/p>\n<h2>CONTACTO<\/h2>\n<p>Tel. 93 462 89 00<br \/>\n<a href=\"mailto:centreemilimira-INAD@parcdesalutmar.cat\">centreemilimira-INAD@parcdesalutmar.cat<\/a><\/p>\n<h2>A QUIEN SE DIRIGE<\/h2>\n<p>Personas con un deterioro cognitivo, enfermedad de Alzheimer u otras demencias.<\/p>\n<h2>PROGRAMAS<\/h2>\n<ul>\n<li>Hospitalizaci\u00f3n de personas con deterioro cognitivo, Alzheimer y otras demencias que necesitan un ingreso de corta duraci\u00f3n.<\/li>\n<li>Evaluaci\u00f3n, diagn\u00f3stico y ajuste del tratamiento.<\/li>\n<li>Abordaje y tratamiento de trastornos del comportamiento.<\/li>\n<li>Convalecencia y rehabilitaci\u00f3n con diferentes procesos m\u00e9dicos o quir\u00fargicos.<\/li>\n<li>Atenci\u00f3n en casos de crisis familiar grave y urgente.<\/li>\n<\/ul>\n<h2>V\u00cdA DE ACCESO<\/h2>\n<p>Derivaci\u00f3n desde un equipo de atenci\u00f3n (unidades funcionales interdisciplinarias sociosanitarias hospitalarias -UFISS-, unidades de trabajo social de los hospitales de agudos, EAP o PADES).<\/p>\n<h2>M\u00c1S INFORMACI\u00d3N<\/h2>\n<p>Forma parte del proceso de atenci\u00f3n a trastornos cognitivos y psicogeriatr\u00eda.<\/p>\n<h2>GESTIONA<\/h2>\n<p><a href=\"http:\/\/www.parcdesalutmar.cat\/hospitals\/emili_mira\/index.html\" target=\"_blank\" rel=\"noopener\">Centre assistencial Dr. Emili Mira<\/a> \u2013 Institut de Neuropsiquiatria i Addiccions (INAD) del Parc de Salut Mar.<\/p>\n","protected":false},"excerpt":{"rendered":"<p>Servicio de hospitalizaci\u00f3n de corta o media estancia para personas con deterioro cognitivo, alzh\u00e9imer u otras demencias para su diagn\u00f3stico y tratamiento.<\/p>\n","protected":false},"author":1,"featured_media":1898,"comment_status":"open","ping_status":"open","sticky":false,"template":"","format":"standard","meta":{"_et_pb_use_builder":"","_et_pb_old_content":"","_et_gb_content_width":"","footnotes":""},"categories":[40,58,52,46],"tags":[],"class_list":["post-759","post","type-post","status-publish","format-standard","has-post-thumbnail","hentry","category-derivacion-de-servicio-especializado","category-hospitalaria-es","category-salud-mental","category-personas-mayores"],"_links":{"self":[{"href":"https:\/\/salutmental.info\/es\/wp-json\/wp\/v2\/posts\/759","targetHints":{"allow":["GET"]}}],"collection":[{"href":"https:\/\/salutmental.info\/es\/wp-json\/wp\/v2\/posts"}],"about":[{"href":"https:\/\/salutmental.info\/es\/wp-json\/wp\/v2\/types\/post"}],"author":[{"embeddable":true,"href":"https:\/\/salutmental.info\/es\/wp-json\/wp\/v2\/users\/1"}],"replies":[{"embeddable":true,"href":"https:\/\/salutmental.info\/es\/wp-json\/wp\/v2\/comments?post=759"}],"version-history":[{"count":6,"href":"https:\/\/salutmental.info\/es\/wp-json\/wp\/v2\/posts\/759\/revisions"}],"predecessor-version":[{"id":5571,"href":"https:\/\/salutmental.info\/es\/wp-json\/wp\/v2\/posts\/759\/revisions\/5571"}],"wp:featuredmedia":[{"embeddable":true,"href":"https:\/\/salutmental.info\/es\/wp-json\/wp\/v2\/media\/1898"}],"wp:attachment":[{"href":"https:\/\/salutmental.info\/es\/wp-json\/wp\/v2\/media?parent=759"}],"wp:term":[{"taxonomy":"category","embeddable":true,"href":"https:\/\/salutmental.info\/es\/wp-json\/wp\/v2\/categories?post=759"},{"taxonomy":"post_tag","embeddable":true,"href":"https:\/\/salutmental.info\/es\/wp-json\/wp\/v2\/tags?post=759"}],"curies":[{"name":"wp","href":"https:\/\/api.w.org\/{rel}","templated":true}]}}