{"id":753,"date":"2017-01-11T12:10:40","date_gmt":"2017-01-11T11:10:40","guid":{"rendered":"http:\/\/salutmental.info\/?p=753\/"},"modified":"2023-07-19T10:49:02","modified_gmt":"2023-07-19T08:49:02","slug":"club-social-gramenet","status":"publish","type":"post","link":"https:\/\/salutmental.info\/es\/club-social-gramenet\/","title":{"rendered":"Club social Gramenet"},"content":{"rendered":"<p><strong>Espacio para personas con problemas de salud mental, que realiza actividades socioeducativas y de ocio dirigidas a la recuperaci\u00f3n, la inserci\u00f3n social y la sensibilizaci\u00f3n del resto de la comunidad.<\/strong><\/p>\n<hr \/>\n<p><!--more--><\/p>\n<h2>UBICACI\u00d3N<\/h2>\n<p><a href=\"https:\/\/goo.gl\/maps\/HmFaDhqLwSR2\" target=\"_blank\" rel=\"noopener\">Major, 67 (08921 Santa Coloma de Gramenet)<\/a><\/p>\n<p><iframe loading=\"lazy\" style=\"border: 0;\" src=\"https:\/\/www.google.com\/maps\/embed?pb=!1m18!1m12!1m3!1d2990.389728877372!2d2.202231515427816!3d41.45246177925826!2m3!1f0!2f0!3f0!3m2!1i1024!2i768!4f13.1!3m3!1m2!1s0x12a4bc8d29252249%3A0x2f703ccc41557d8a!2sCarrer+Major%2C+67%2C+08921+Santa+Coloma+de+Gramenet%2C+Barcelona!5e0!3m2!1sca!2ses!4v1528113580490\" width=\"600\" height=\"450\" frameborder=\"0\" allowfullscreen=\"allowfullscreen\"><\/iframe><\/p>\n<h2>CONTACTO<\/h2>\n<p>Dani L\u00f3pez (coordinador)<br \/>\nTel. 93 391 30 78 \/ 639 963 449<br \/>\n<a href=\"mailto:csgramenet@fundacio.salutmental.org\">csgramenet@fundacio.salutmental.org<\/a><\/p>\n<h2>A QUIEN SE DIRIGE<\/h2>\n<p>Personas adultas con problemas de salud mental que necesitan de un proceso de inserci\u00f3n social y ocio constructivo.<\/p>\n<h2>PROGRAMAS<\/h2>\n<ul>\n<li>Potenciaci\u00f3n de la autonom\u00eda, calidad de vida y socializaci\u00f3n a trav\u00e9s de actividades internas y autogestionadas, y externas.<\/li>\n<li>Actividades de sensibilizaci\u00f3n y colaboraci\u00f3n con otras entidades.<\/li>\n<li>Derivaci\u00f3n a centros de salud mental ambulatorios y hospitalarios.<\/li>\n<\/ul>\n<h2>V\u00cdA DE ACCESO<\/h2>\n<p>Derivaci\u00f3n de profesionales o per iniciativa propia.<\/p>\n<h2>GESTIONA<\/h2>\n<p><a href=\"http:\/\/www.salutmental.org\" target=\"_blank\" rel=\"noopener\">Fundaci\u00f3 privada Salut Mental Catalunya<\/a>.<\/p>\n","protected":false},"excerpt":{"rendered":"<p>Espacio para personas con problemas de salud mental, que realiza actividades socioeducativas y de ocio dirigidas a la recuperaci\u00f3n, la inserci\u00f3n social y la sensibilizaci\u00f3n del resto de la comunidad.<\/p>\n","protected":false},"author":1,"featured_media":1716,"comment_status":"open","ping_status":"open","sticky":false,"template":"","format":"standard","meta":{"_et_pb_use_builder":"","_et_pb_old_content":"","_et_gb_content_width":"","footnotes":""},"categories":[38,45,57,52],"tags":[],"class_list":["post-753","post","type-post","status-publish","format-standard","has-post-thumbnail","hentry","category-acceso-directo","category-personas-adultas","category-social-es","category-salud-mental"],"_links":{"self":[{"href":"https:\/\/salutmental.info\/es\/wp-json\/wp\/v2\/posts\/753","targetHints":{"allow":["GET"]}}],"collection":[{"href":"https:\/\/salutmental.info\/es\/wp-json\/wp\/v2\/posts"}],"about":[{"href":"https:\/\/salutmental.info\/es\/wp-json\/wp\/v2\/types\/post"}],"author":[{"embeddable":true,"href":"https:\/\/salutmental.info\/es\/wp-json\/wp\/v2\/users\/1"}],"replies":[{"embeddable":true,"href":"https:\/\/salutmental.info\/es\/wp-json\/wp\/v2\/comments?post=753"}],"version-history":[{"count":5,"href":"https:\/\/salutmental.info\/es\/wp-json\/wp\/v2\/posts\/753\/revisions"}],"predecessor-version":[{"id":5653,"href":"https:\/\/salutmental.info\/es\/wp-json\/wp\/v2\/posts\/753\/revisions\/5653"}],"wp:featuredmedia":[{"embeddable":true,"href":"https:\/\/salutmental.info\/es\/wp-json\/wp\/v2\/media\/1716"}],"wp:attachment":[{"href":"https:\/\/salutmental.info\/es\/wp-json\/wp\/v2\/media?parent=753"}],"wp:term":[{"taxonomy":"category","embeddable":true,"href":"https:\/\/salutmental.info\/es\/wp-json\/wp\/v2\/categories?post=753"},{"taxonomy":"post_tag","embeddable":true,"href":"https:\/\/salutmental.info\/es\/wp-json\/wp\/v2\/tags?post=753"}],"curies":[{"name":"wp","href":"https:\/\/api.w.org\/{rel}","templated":true}]}}