{"id":744,"date":"2017-01-11T10:42:54","date_gmt":"2017-01-11T09:42:54","guid":{"rendered":"http:\/\/salutmental.info\/?p=744\/"},"modified":"2025-09-29T10:42:46","modified_gmt":"2025-09-29T08:42:46","slug":"activament-cataluna-associacio","status":"publish","type":"post","link":"https:\/\/salutmental.info\/es\/activament-cataluna-associacio\/","title":{"rendered":"Ass. Activament Catalunya"},"content":{"rendered":"<p><strong>Colectivo de personas con experiencia en trastornos mentales de \u00e1mbito catal\u00e1n con una delegaci\u00f3n en Santa Coloma de Gramenet, que lucha contra el estigma y favorece el empoderamiento y la recuperaci\u00f3n de las personas afectadas.<\/strong><\/p>\n<hr \/>\n<p><!--more--><\/p>\n<h2>UBICACI\u00d3N<\/h2>\n<p>Centro c\u00edvico Fondo<br \/>\n<a href=\"https:\/\/www.google.com\/maps\/place\/Centro+C%C3%ADvico+del+Fondo\/@41.450623,2.2179083,17z\/data=!3m1!4b1!4m5!3m4!1s0x12a4bcef77323b0d:0xb70a0e07b31f7c21!8m2!3d41.450623!4d2.220097\" target=\"_blank\" rel=\"noopener noreferrer\">Wagner, 19 (08923 Santa Coloma de Gramenet)<\/a><\/p>\n<p><iframe loading=\"lazy\" style=\"border: 0;\" src=\"https:\/\/www.google.com\/maps\/embed?pb=!1m18!1m12!1m3!1d2990.4744933844217!2d2.217908315382466!3d41.45062297925845!2m3!1f0!2f0!3f0!3m2!1i1024!2i768!4f13.1!3m3!1m2!1s0x12a4bcef77323b0d%3A0xb70a0e07b31f7c21!2sCentro+C%C3%ADvico+del+Fondo!5e0!3m2!1sca!2sus!4v1465222052479\" width=\"600\" height=\"450\" frameborder=\"0\" allowfullscreen=\"allowfullscreen\" data-mce-fragment=\"1\"><\/iframe><\/p>\n<h2>CONTACTO<\/h2>\n<p><a href=\"mailto:gramenet@activament.org\">gramenet@activament.org<\/a><\/p>\n<h2>A QUIEN SE DIRIGE<\/h2>\n<p><span id=\"result_box\" class=\"\" lang=\"es\">Personas que viven o han vivido trastornos mentales en primera persona.<\/span><\/p>\n<h2>PROGRAMAS<\/h2>\n<ul>\n<li>Apoyo entre personas con trastornos mentales en grupos de ayuda mutua.<\/li>\n<li>Formaci\u00f3n y actividades de empoderamiento de personas afectadas.<\/li>\n<li>Actividades art\u00edsticas, de ocio, relaci\u00f3n y aprendizaje.<\/li>\n<\/ul>\n<h2>V\u00cdA DE ACCESO<\/h2>\n<p>Directamente.<\/p>\n<h2>M\u00c1S INFORMACI\u00d3N<\/h2>\n<p><a href=\"http:\/\/www.activament.org\" target=\"_blank\" rel=\"noopener noreferrer\">ActivaMent <\/a>es un colectivo activo de personas con experiencia en trastornos mentales.<br \/>\nEs una entidad de \u00e1mbito catal\u00e1n que tiene una delegaci\u00f3n en Santa Coloma de Gramenet.<\/p>\n","protected":false},"excerpt":{"rendered":"<p>Colectivo de personas con experiencia en trastornos mentales de \u00e1mbito catal\u00e1n con una delegaci\u00f3n en Santa Coloma de Gramenet, que lucha contra el estigma y favorece el empoderamiento y la recuperaci\u00f3n de las personas afectadas.<\/p>\n","protected":false},"author":1,"featured_media":300,"comment_status":"open","ping_status":"open","sticky":false,"template":"","format":"standard","meta":{"_et_pb_use_builder":"","_et_pb_old_content":"","_et_gb_content_width":"","footnotes":""},"categories":[45,51,52],"tags":[],"class_list":["post-744","post","type-post","status-publish","format-standard","has-post-thumbnail","hentry","category-personas-adultas","category-sector-asociativo","category-salud-mental"],"_links":{"self":[{"href":"https:\/\/salutmental.info\/es\/wp-json\/wp\/v2\/posts\/744","targetHints":{"allow":["GET"]}}],"collection":[{"href":"https:\/\/salutmental.info\/es\/wp-json\/wp\/v2\/posts"}],"about":[{"href":"https:\/\/salutmental.info\/es\/wp-json\/wp\/v2\/types\/post"}],"author":[{"embeddable":true,"href":"https:\/\/salutmental.info\/es\/wp-json\/wp\/v2\/users\/1"}],"replies":[{"embeddable":true,"href":"https:\/\/salutmental.info\/es\/wp-json\/wp\/v2\/comments?post=744"}],"version-history":[{"count":7,"href":"https:\/\/salutmental.info\/es\/wp-json\/wp\/v2\/posts\/744\/revisions"}],"predecessor-version":[{"id":6886,"href":"https:\/\/salutmental.info\/es\/wp-json\/wp\/v2\/posts\/744\/revisions\/6886"}],"wp:featuredmedia":[{"embeddable":true,"href":"https:\/\/salutmental.info\/es\/wp-json\/wp\/v2\/media\/300"}],"wp:attachment":[{"href":"https:\/\/salutmental.info\/es\/wp-json\/wp\/v2\/media?parent=744"}],"wp:term":[{"taxonomy":"category","embeddable":true,"href":"https:\/\/salutmental.info\/es\/wp-json\/wp\/v2\/categories?post=744"},{"taxonomy":"post_tag","embeddable":true,"href":"https:\/\/salutmental.info\/es\/wp-json\/wp\/v2\/tags?post=744"}],"curies":[{"name":"wp","href":"https:\/\/api.w.org\/{rel}","templated":true}]}}