{"id":740,"date":"2017-01-11T10:41:08","date_gmt":"2017-01-11T09:41:08","guid":{"rendered":"http:\/\/salutmental.info\/?p=740\/"},"modified":"2023-07-19T11:38:25","modified_gmt":"2023-07-19T09:38:25","slug":"ass-ammame-amigos-del-enfermo-mental","status":"publish","type":"post","link":"https:\/\/salutmental.info\/es\/ass-ammame-amigos-del-enfermo-mental\/","title":{"rendered":"Ammame (asociaci\u00f3n)"},"content":{"rendered":"<p><strong>Asociaci\u00f3n de familiares de personas con problemas de salud mental que promueve la mejora de su calidad de vida a trav\u00e9s de actividades y de sensibilizaci\u00f3n social.<\/strong><\/p>\n<hr \/>\n<p><!--more--><\/p>\n<h2>UBICACI\u00d3N<\/h2>\n<p>Centro c\u00edvico Llat\u00ed<br \/>\n<a href=\"https:\/\/www.google.com\/maps\/place\/Centro+Civic+Barri+Llat%C3%AD\/@41.4529746,2.213985,17z\/data=!3m1!4b1!4m5!3m4!1s0x12a4bc85ad1d4c77:0xeb052ee3e717fb49!8m2!3d41.4529746!4d2.2161737\" target=\"_blank\" rel=\"noopener noreferrer\">N\u00e0pols, 41 (08921 Santa Coloma de Gramenet)<\/a><\/p>\n<p><iframe loading=\"lazy\" style=\"border: 0;\" src=\"https:\/\/www.google.com\/maps\/embed?pb=!1m18!1m12!1m3!1d2990.3660894118675!2d2.2139850153825074!3d41.45297457925821!2m3!1f0!2f0!3f0!3m2!1i1024!2i768!4f13.1!3m3!1m2!1s0x12a4bc85ad1d4c77%3A0xeb052ee3e717fb49!2sCentro+Civic+Barri+Llat%C3%AD!5e0!3m2!1sca!2sus!4v1465222235382\" width=\"600\" height=\"450\" frameborder=\"0\" allowfullscreen=\"allowfullscreen\" data-mce-fragment=\"1\"><\/iframe><\/p>\n<h2>CONTACTO<\/h2>\n<p>Germ\u00e1n Morente<br \/>\nTel. 626 683 543<br \/>\n<a href=\"mailto:info@ammamesc.es\">info@ammamesc.es<\/a><\/p>\n<h2>A QUIEN SE DIRIGE<\/h2>\n<p><span id=\"result_box\" class=\"\" lang=\"es\">Familiares con hijos o hijas con problemas de salud mental y personas con trastornos mentales.<\/span><\/p>\n<h2>PROGRAMAS<\/h2>\n<ul>\n<li>Servicio de atenci\u00f3n a las <span class=\"\">familias.<\/span><\/li>\n<li>Grupo de ayuda mutua <span class=\"\">para familiares<\/span>.<\/li>\n<li>Talleres y actividades de arteterapia.<\/li>\n<li>Apoyo psicol\u00f3gico <span class=\"\">individual.<\/span><\/li>\n<li><span class=\"\">Salidas y excursiones.<\/span><\/li>\n<\/ul>\n<h2>V\u00cdA DE ACCESO<\/h2>\n<p>Directamente.<\/p>\n<h2>MAS INFORMACI\u00d3N<\/h2>\n<p><a href=\"http:\/\/www.ammamesc.es\" target=\"_blank\" rel=\"noopener noreferrer\">http:\/\/www.ammamesc.es<\/a><br \/>\nHorario de contacto: martes, jueves y viernes de 9 a 13 h.<\/p>\n","protected":false},"excerpt":{"rendered":"<p>Asociaci\u00f3n de familiares de personas con problemas de salud mental que promueve la mejora de su calidad de vida a trav\u00e9s de actividades y de sensibilizaci\u00f3n social.<\/p>\n","protected":false},"author":1,"featured_media":252,"comment_status":"open","ping_status":"open","sticky":false,"template":"","format":"standard","meta":{"_et_pb_use_builder":"","_et_pb_old_content":"","_et_gb_content_width":"","footnotes":""},"categories":[38,44,45,51,52],"tags":[],"class_list":["post-740","post","type-post","status-publish","format-standard","has-post-thumbnail","hentry","category-acceso-directo","category-atencion-familiares","category-personas-adultas","category-sector-asociativo","category-salud-mental"],"_links":{"self":[{"href":"https:\/\/salutmental.info\/es\/wp-json\/wp\/v2\/posts\/740","targetHints":{"allow":["GET"]}}],"collection":[{"href":"https:\/\/salutmental.info\/es\/wp-json\/wp\/v2\/posts"}],"about":[{"href":"https:\/\/salutmental.info\/es\/wp-json\/wp\/v2\/types\/post"}],"author":[{"embeddable":true,"href":"https:\/\/salutmental.info\/es\/wp-json\/wp\/v2\/users\/1"}],"replies":[{"embeddable":true,"href":"https:\/\/salutmental.info\/es\/wp-json\/wp\/v2\/comments?post=740"}],"version-history":[{"count":8,"href":"https:\/\/salutmental.info\/es\/wp-json\/wp\/v2\/posts\/740\/revisions"}],"predecessor-version":[{"id":5648,"href":"https:\/\/salutmental.info\/es\/wp-json\/wp\/v2\/posts\/740\/revisions\/5648"}],"wp:featuredmedia":[{"embeddable":true,"href":"https:\/\/salutmental.info\/es\/wp-json\/wp\/v2\/media\/252"}],"wp:attachment":[{"href":"https:\/\/salutmental.info\/es\/wp-json\/wp\/v2\/media?parent=740"}],"wp:term":[{"taxonomy":"category","embeddable":true,"href":"https:\/\/salutmental.info\/es\/wp-json\/wp\/v2\/categories?post=740"},{"taxonomy":"post_tag","embeddable":true,"href":"https:\/\/salutmental.info\/es\/wp-json\/wp\/v2\/tags?post=740"}],"curies":[{"name":"wp","href":"https:\/\/api.w.org\/{rel}","templated":true}]}}