{"id":722,"date":"2017-01-11T09:30:18","date_gmt":"2017-01-11T08:30:18","guid":{"rendered":"http:\/\/salutmental.info\/?p=722\/"},"modified":"2023-07-19T10:50:42","modified_gmt":"2023-07-19T08:50:42","slug":"centro-de-salud-mental-infantil-y-juvenil-csmij","status":"publish","type":"post","link":"https:\/\/salutmental.info\/es\/centro-de-salud-mental-infantil-y-juvenil-csmij\/","title":{"rendered":"CSMIJ Santa Coloma de Gramenet (centro de salud mental infantil y juvenil)"},"content":{"rendered":"<p><strong>Atenci\u00f3n sanitaria y social, tratamiento de ni\u00f1os, ni\u00f1as y adolescentes hasta los 18 a\u00f1os con problemas de salud mental y apoyo a las familias y a servicios profesionales que intervienen con menores de edad con trastornos o en situaci\u00f3n de riesgo.<\/strong><\/p>\n<hr \/>\n<p><!--more--><\/p>\n<h2>UBICACI\u00d3N<\/h2>\n<p><a href=\"https:\/\/www.google.com\/maps\/place\/Carrer+d'%C3%80ngel+Guimer%C3%A0,+6,+08923+Santa+Coloma+de+Gramenet,+Barcelona,+Espanya\/@41.4445067,2.2090907,17z\/data=!3m1!4b1!4m5!3m4!1s0x12a4bc96d79178c9:0xc14eaa85cb559e27!8m2!3d41.4445067!4d2.2112794\" target=\"_blank\" rel=\"noopener noreferrer\">\u00c0ngel Guimer\u00e0, 6-8, baixos (08923 Santa Coloma de Gramenet)<\/a><br \/>\n<iframe loading=\"lazy\" style=\"border: 0;\" src=\"https:\/\/www.google.com\/maps\/embed?pb=!1m18!1m12!1m3!1d2990.756418772181!2d2.209090715382256!3d41.44450667925893!2m3!1f0!2f0!3f0!3m2!1i1024!2i768!4f13.1!3m3!1m2!1s0x12a4bc96d79178c9%3A0xc14eaa85cb559e27!2sCarrer+d'%C3%80ngel+Guimer%C3%A0%2C+6%2C+08923+Santa+Coloma+de+Gramenet%2C+Barcelona%2C+Espanya!5e0!3m2!1sca!2sus!4v1465813657929\" allowfullscreen=\"allowfullscreen\" data-mce-fragment=\"1\" width=\"600\" height=\"450\" frameborder=\"0\"><\/iframe><\/p>\n<h2>CONTACTO<\/h2>\n<p>Sergi de Diego (director)<br \/>\nEulalia Sayrach (coordinadora)<br \/>\nTel. 93 466 82 02<br \/>\n<a href=\"mailto:csmij@fvb.cat\">csmij@fvb.cat<\/a><\/p>\n<h2>A QUIEN SE DIRIGE<\/h2>\n<p><span id=\"result_box\" class=\"\" lang=\"es\">Ni\u00f1os, ni\u00f1as, adolescentes y j\u00f3venes menores de 18 a\u00f1os con problemas en salud mental de Santa Coloma <span class=\"\">de Gramenet.<\/span><\/span><\/p>\n<h2>PROGRAMAS<\/h2>\n<ul>\n<li><span id=\"result_box\" class=\"\" lang=\"es\">Asistencia en salud mental: diagn\u00f3stico, orientaci\u00f3n y tratamiento de los trastornos de salud mental <span class=\"\">de ni\u00f1os\/as<\/span> y adolescentes menores de 18 a\u00f1os de la poblaci\u00f3n.<\/span><\/li>\n<li><span id=\"result_box\" class=\"\" lang=\"es\">Atenci\u00f3n a los ni\u00f1as \/os y adolescentes tutelados por la Direcci\u00f3n General de Atenci\u00f3n a la Infancia y la Adolescencia (DGAIA) del Barcelon\u00e8s Nord y de apoyo a sus centros residenciales (Petit Pr\u00edncep de Santa Coloma y otros).<\/span><\/li>\n<li><span id=\"result_box\" class=\"\" lang=\"es\">Atenci\u00f3n a menores con trastornos mentales graves y sus familias.<\/span><\/li>\n<li><span id=\"result_box\" class=\"\" lang=\"es\">Colaboraci\u00f3n con el programa Salut i Escola en los centros educativos y apoyo a la escuela de educaci\u00f3n especial Josep Sol para la atenci\u00f3n de ni\u00f1os con trastornos del espectro autista.<\/span><\/li>\n<li><span id=\"result_box\" class=\"\" lang=\"es\">Intervenci\u00f3n a las unidades de <span class=\"\">apoyo a la educaci\u00f3n<\/span> especial de los Ins Can Peixauet y Les Vinyes, y escuela Fray Luis de Le\u00f3n.<\/span><\/li>\n<\/ul>\n<h2>V\u00cdA DE ACCESO<\/h2>\n<p>Derivaci\u00f3n de servicios profesionales.<\/p>\n<h2>GESTIONA<\/h2>\n<p><a href=\"http:\/\/www.fvb.cat\" target=\"_blank\" rel=\"noopener noreferrer\">Fundaci\u00f3 Vidal i Barraquer<\/a>.<\/p>\n","protected":false},"excerpt":{"rendered":"<p>Atenci\u00f3n sanitaria y social, tratamiento de ni\u00f1os, ni\u00f1as y adolescentes hasta los 18 a\u00f1os con problemas de salud mental y apoyo a las familias y a servicios profesionales que intervienen con menores de edad con trastornos o en situaci\u00f3n de riesgo.<\/p>\n","protected":false},"author":1,"featured_media":409,"comment_status":"open","ping_status":"open","sticky":false,"template":"","format":"standard","meta":{"_et_pb_use_builder":"","_et_pb_old_content":"","_et_gb_content_width":"","footnotes":""},"categories":[],"tags":[],"class_list":["post-722","post","type-post","status-publish","format-standard","has-post-thumbnail","hentry"],"_links":{"self":[{"href":"https:\/\/salutmental.info\/es\/wp-json\/wp\/v2\/posts\/722","targetHints":{"allow":["GET"]}}],"collection":[{"href":"https:\/\/salutmental.info\/es\/wp-json\/wp\/v2\/posts"}],"about":[{"href":"https:\/\/salutmental.info\/es\/wp-json\/wp\/v2\/types\/post"}],"author":[{"embeddable":true,"href":"https:\/\/salutmental.info\/es\/wp-json\/wp\/v2\/users\/1"}],"replies":[{"embeddable":true,"href":"https:\/\/salutmental.info\/es\/wp-json\/wp\/v2\/comments?post=722"}],"version-history":[{"count":8,"href":"https:\/\/salutmental.info\/es\/wp-json\/wp\/v2\/posts\/722\/revisions"}],"predecessor-version":[{"id":5656,"href":"https:\/\/salutmental.info\/es\/wp-json\/wp\/v2\/posts\/722\/revisions\/5656"}],"wp:featuredmedia":[{"embeddable":true,"href":"https:\/\/salutmental.info\/es\/wp-json\/wp\/v2\/media\/409"}],"wp:attachment":[{"href":"https:\/\/salutmental.info\/es\/wp-json\/wp\/v2\/media?parent=722"}],"wp:term":[{"taxonomy":"category","embeddable":true,"href":"https:\/\/salutmental.info\/es\/wp-json\/wp\/v2\/categories?post=722"},{"taxonomy":"post_tag","embeddable":true,"href":"https:\/\/salutmental.info\/es\/wp-json\/wp\/v2\/tags?post=722"}],"curies":[{"name":"wp","href":"https:\/\/api.w.org\/{rel}","templated":true}]}}