{"id":717,"date":"2017-01-11T09:39:48","date_gmt":"2017-01-11T08:39:48","guid":{"rendered":"http:\/\/salutmental.info\/?p=717\/"},"modified":"2023-07-19T10:45:10","modified_gmt":"2023-07-19T08:45:10","slug":"as-tda-h-santa-coloma-de-gramenet-trastorno-per-deficit-de-atencion-con-a-sin-hiperactividad","status":"publish","type":"post","link":"https:\/\/salutmental.info\/es\/as-tda-h-santa-coloma-de-gramenet-trastorno-per-deficit-de-atencion-con-a-sin-hiperactividad\/","title":{"rendered":"Ass. TDA-H Santa Coloma de Gramenet"},"content":{"rendered":"<p><strong>Asociaci\u00f3n para el soporte de personas con trastorno por d\u00e9ficit de atenci\u00f3n con o sin hiperactividad y sus familias, con actividades de formaci\u00f3n, asesoramiento y reivindicaci\u00f3n de la mejora en la atenci\u00f3n.<\/strong><\/p>\n<hr \/>\n<p><!--more--><\/p>\n<h2>UBICACI\u00d3N<\/h2>\n<p>Centro c\u00edvico Llat\u00ed<br \/>\n<a href=\"https:\/\/www.google.com\/maps\/place\/Centro+Civic+Barri+Llat%C3%AD\/@41.4529746,2.213985,17z\/data=!3m1!4b1!4m5!3m4!1s0x12a4bc85ad1d4c77:0xeb052ee3e717fb49!8m2!3d41.4529746!4d2.2161737\" target=\"_blank\" rel=\"noopener noreferrer\">N\u00e0pols, 41 (08921 Santa Coloma de Gramenet)<\/a><\/p>\n<p><iframe loading=\"lazy\" style=\"border: 0;\" src=\"https:\/\/www.google.com\/maps\/embed?pb=!1m18!1m12!1m3!1d2990.3660894118675!2d2.2139850153825074!3d41.45297457925821!2m3!1f0!2f0!3f0!3m2!1i1024!2i768!4f13.1!3m3!1m2!1s0x12a4bc85ad1d4c77%3A0xeb052ee3e717fb49!2sCentro+Civic+Barri+Llat%C3%AD!5e0!3m2!1sca!2sus!4v1465222235382\" allowfullscreen=\"allowfullscreen\" data-mce-fragment=\"1\" width=\"600\" height=\"450\" frameborder=\"0\"><\/iframe><\/p>\n<h2>CONTACTO<\/h2>\n<p>Paloma \u00c0lvarez \/ Jordi Colomer<br \/>\ntel. 630 574 934 (de lunes a viernes de 17 a 20 h)<br \/>\n<a href=\"mailto:tdahscgramenet@gmail.com\">tdahscgramenet@gmail.com<\/a><\/p>\n<h2>A QUIEN SE DIRIGE<\/h2>\n<p>Personas afectadas por TDA y TDAH de todas las edades y a sus familiares.<\/p>\n<h2>PROGRAMAS<\/h2>\n<ul>\n<li><span id=\"result_box\" class=\"\" lang=\"es\">Atenci\u00f3n, informaci\u00f3n y asesoramiento a las familias.<\/span><\/li>\n<li><span id=\"result_box\" class=\"\" lang=\"es\">Grupos de apoyo de madres y padres, familiares y personas afectadas.<\/span><\/li>\n<li><span id=\"result_box\" class=\"\" lang=\"es\"><span class=\"\">Charlas y conferencias<\/span> de sensibilizaci\u00f3n y formaci\u00f3n.<\/span><\/li>\n<li><span id=\"result_box\" class=\"\" lang=\"es\">Talleres ocasionales.<\/span><\/li>\n<li><span id=\"result_box\" class=\"\" lang=\"es\">Escuela de madres <span class=\"\">y padres.<\/span><\/span><\/li>\n<\/ul>\n<h2>V\u00cdA DE ACCESO<\/h2>\n<p>Directamente.<\/p>\n<h2>M\u00c1S INFORMACI\u00d3N<\/h2>\n<p><a href=\"http:\/\/facebook.com\/tdahsantacolomadegramenet\" target=\"_blank\" rel=\"noopener noreferrer\">http:\/\/facebook.com\/tdahsantacolomadegramenet<\/a><br \/>\nHorario de despacho: viernes de 17 a 19h<br \/>\n&lt;M&gt; L-1 Fondo y autob\u00fas B15<\/p>\n","protected":false},"excerpt":{"rendered":"<p>Asociaci\u00f3n para el soporte de personas con trastorno por d\u00e9ficit de atenci\u00f3n con o sin hiperactividad y sus familias, con actividades de formaci\u00f3n, asesoramiento y reivindicaci\u00f3n de la mejora en la atenci\u00f3n.<\/p>\n","protected":false},"author":1,"featured_media":1905,"comment_status":"open","ping_status":"open","sticky":false,"template":"","format":"standard","meta":{"_et_pb_use_builder":"","_et_pb_old_content":"","_et_gb_content_width":"","footnotes":""},"categories":[17,42,44,41,45,51,57,52],"tags":[],"class_list":["post-717","post","type-post","status-publish","format-standard","has-post-thumbnail","hentry","category-acces-directe","category-adolescentes-12-18","category-atencion-familiares","category-ninosas","category-personas-adultas","category-sector-asociativo","category-social-es","category-salud-mental"],"_links":{"self":[{"href":"https:\/\/salutmental.info\/es\/wp-json\/wp\/v2\/posts\/717","targetHints":{"allow":["GET"]}}],"collection":[{"href":"https:\/\/salutmental.info\/es\/wp-json\/wp\/v2\/posts"}],"about":[{"href":"https:\/\/salutmental.info\/es\/wp-json\/wp\/v2\/types\/post"}],"author":[{"embeddable":true,"href":"https:\/\/salutmental.info\/es\/wp-json\/wp\/v2\/users\/1"}],"replies":[{"embeddable":true,"href":"https:\/\/salutmental.info\/es\/wp-json\/wp\/v2\/comments?post=717"}],"version-history":[{"count":9,"href":"https:\/\/salutmental.info\/es\/wp-json\/wp\/v2\/posts\/717\/revisions"}],"predecessor-version":[{"id":5646,"href":"https:\/\/salutmental.info\/es\/wp-json\/wp\/v2\/posts\/717\/revisions\/5646"}],"wp:featuredmedia":[{"embeddable":true,"href":"https:\/\/salutmental.info\/es\/wp-json\/wp\/v2\/media\/1905"}],"wp:attachment":[{"href":"https:\/\/salutmental.info\/es\/wp-json\/wp\/v2\/media?parent=717"}],"wp:term":[{"taxonomy":"category","embeddable":true,"href":"https:\/\/salutmental.info\/es\/wp-json\/wp\/v2\/categories?post=717"},{"taxonomy":"post_tag","embeddable":true,"href":"https:\/\/salutmental.info\/es\/wp-json\/wp\/v2\/tags?post=717"}],"curies":[{"name":"wp","href":"https:\/\/api.w.org\/{rel}","templated":true}]}}