{"id":6031,"date":"2023-11-30T09:54:16","date_gmt":"2023-11-30T08:54:16","guid":{"rendered":"https:\/\/salutmental.info\/?p=6031"},"modified":"2023-11-30T09:54:16","modified_gmt":"2023-11-30T08:54:16","slug":"el-camino-esta-en-mi-cabeza-exposicion-sobre-la-salud-mental-de-las-personas-que-se-desplazan","status":"publish","type":"post","link":"https:\/\/salutmental.info\/es\/el-camino-esta-en-mi-cabeza-exposicion-sobre-la-salud-mental-de-las-personas-que-se-desplazan\/","title":{"rendered":"El camino est\u00e1 en mi cabeza Exposici\u00f3n sobre la salud mental de las personas que se desplazan"},"content":{"rendered":"<p><img decoding=\"async\" class=\"size-medium wp-image-6020 alignright\" src=\"https:\/\/salutmental.info\/wp-content\/uploads\/2023\/11\/expo-240x300.jpg\" alt=\"\" width=\"240 \" height=\"300\" \/>El pr\u00f3ximo lunes 4 de diciembre se presenta en Santa Coloma de Gramenet la exposici\u00f3n fotogr\u00e1fica EL CAMINO EST\u00c1 EN MI CABEZA de la fot\u00f3grafa documental colomense, N\u00faria L\u00f3pez Torres, con textos del escritor y director de la revista 5W, Agus Morales. Esta exposici\u00f3n es la 4a de este a\u00f1o y cierra el ciclo Diaris de Viatges que organiza anualmente el Departamento de Cooperaci\u00f3n del Ayuntamiento de Santa Coloma de Gramenet.<\/p>\n<p>La exposici\u00f3n presta especial atenci\u00f3n a la salud mental de las personas que huyen, sea en busca de protecci\u00f3n o de una vida mejor porque \u201cel camino castiga el cuerpo, pero tambi\u00e9n la mente\u201d. Se ha realizado a partir de tres coberturas period\u00edsticas de proyectos de M\u00e9dicos Sin Fronteras en M\u00e9xico, Mozambique y Ucrania.<\/p>\n<p>Este trabajo se exhibir\u00e1 en la Sala Riu ubicada en el Centro C\u00edvico Riu (calle President Companys, 9) del 4 de diciembre al 26 de enero. La presentaci\u00f3n ser\u00e1 el lunes 4 de diciembre, a las 19 h, y se contar\u00e1 con los dos autores y tambi\u00e9n con representantes de M\u00e9dicos Sin Fronteras.<\/p>\n<p>Aqu\u00ed encontrar\u00e1s <a href=\"https:\/\/salutmental.info\/wp-content\/uploads\/2023\/11\/expo.pdf\">m\u00e1s informaci\u00f3n<\/a>.<\/p>\n<p style=\"text-align: right;\">Imagen destacada de Gianni Crestani en Pixabay<\/p>\n","protected":false},"excerpt":{"rendered":"<p>El pr\u00f3ximo lunes 4 de diciembre se presenta en Santa Coloma de Gramenet la exposici\u00f3n fotogr\u00e1fica EL CAMINO EST\u00c1 EN MI CABEZA de la fot\u00f3grafa documental colomense, N\u00faria L\u00f3pez Torres, con textos del escritor y director de la revista 5W, Agus Morales. Esta exposici\u00f3n es la 4a de este a\u00f1o y cierra el ciclo Diaris [&hellip;]<\/p>\n","protected":false},"author":1,"featured_media":6025,"comment_status":"open","ping_status":"open","sticky":false,"template":"","format":"standard","meta":{"_et_pb_use_builder":"","_et_pb_old_content":"","_et_gb_content_width":"","footnotes":""},"categories":[33,36],"tags":[],"class_list":["post-6031","post","type-post","status-publish","format-standard","has-post-thumbnail","hentry","category-_noticias-y-articulos","category-_salud-mental"],"_links":{"self":[{"href":"https:\/\/salutmental.info\/es\/wp-json\/wp\/v2\/posts\/6031","targetHints":{"allow":["GET"]}}],"collection":[{"href":"https:\/\/salutmental.info\/es\/wp-json\/wp\/v2\/posts"}],"about":[{"href":"https:\/\/salutmental.info\/es\/wp-json\/wp\/v2\/types\/post"}],"author":[{"embeddable":true,"href":"https:\/\/salutmental.info\/es\/wp-json\/wp\/v2\/users\/1"}],"replies":[{"embeddable":true,"href":"https:\/\/salutmental.info\/es\/wp-json\/wp\/v2\/comments?post=6031"}],"version-history":[{"count":1,"href":"https:\/\/salutmental.info\/es\/wp-json\/wp\/v2\/posts\/6031\/revisions"}],"predecessor-version":[{"id":6032,"href":"https:\/\/salutmental.info\/es\/wp-json\/wp\/v2\/posts\/6031\/revisions\/6032"}],"wp:featuredmedia":[{"embeddable":true,"href":"https:\/\/salutmental.info\/es\/wp-json\/wp\/v2\/media\/6025"}],"wp:attachment":[{"href":"https:\/\/salutmental.info\/es\/wp-json\/wp\/v2\/media?parent=6031"}],"wp:term":[{"taxonomy":"category","embeddable":true,"href":"https:\/\/salutmental.info\/es\/wp-json\/wp\/v2\/categories?post=6031"},{"taxonomy":"post_tag","embeddable":true,"href":"https:\/\/salutmental.info\/es\/wp-json\/wp\/v2\/tags?post=6031"}],"curies":[{"name":"wp","href":"https:\/\/api.w.org\/{rel}","templated":true}]}}