{"id":5839,"date":"2023-07-26T15:20:14","date_gmt":"2023-07-26T13:20:14","guid":{"rendered":"https:\/\/salutmental.info\/?p=5839"},"modified":"2024-02-15T14:08:04","modified_gmt":"2024-02-15T13:08:04","slug":"ocell-de-foc","status":"publish","type":"post","link":"https:\/\/salutmental.info\/es\/ocell-de-foc\/","title":{"rendered":"Ocell de foc Tangram"},"content":{"rendered":"<p><strong>Programa de acompa\u00f1amiento para personas j\u00f3venes, especialmente aquellas con malestar emocional, que fomenta las relaciones sociales entre las personas j\u00f3venes as\u00ed como su inserci\u00f3n sociolaboral de manera individual o grupal.<\/strong><\/p>\n<hr \/>\n<p><!--more--><\/p>\n<h2>UBICACI\u00d3N<\/h2>\n<p>Casal dels infants<br \/>\n<a href=\"https:\/\/www.google.com\/maps\/place\/Carrer+dels+Pirineus,+32,+08923+Santa+Coloma+de+Gramenet,+Barcelona\/@41.4446577,2.213115,17z\/data=!3m1!4b1!4m6!3m5!1s0x12a4bc9985ff2043:0x4b7e52ac31de5261!8m2!3d41.4446537!4d2.2156899!16s%2Fg%2F11csjd0vlz?entry=ttu\"><span style=\"font-weight: 400;\">Pirineus, 32 (08923 Santa Coloma de Gramenet<\/span>)<\/a><\/p>\n<p><iframe loading=\"lazy\" style=\"border: 0;\" src=\"https:\/\/www.google.com\/maps\/embed?pb=!1m18!1m12!1m3!1d2990.7496423821376!2d2.2156899!3d41.444653699999996!2m3!1f0!2f0!3f0!3m2!1i1024!2i768!4f13.1!3m3!1m2!1s0x12a4bc9985ff2043%3A0x4b7e52ac31de5261!2sCarrer%20dels%20Pirineus%2C%2032%2C%2008923%20Santa%20Coloma%20de%20Gramenet%2C%20Barcelona!5e0!3m2!1sca!2ses!4v1690444682200!5m2!1sca!2ses\" width=\"600\" height=\"450\" allowfullscreen=\"allowfullscreen\"><\/iframe><\/p>\n<hr \/>\n<h2>CONTACTO<\/h2>\n<p>Miquel Hernando (referente)<br \/>\n<strong><a href=\"mailto:info@ocelldefoctangram.org\">info@ocelldefoctangram.org<\/a><\/strong><\/p>\n<hr \/>\n<h2>A QUIEN SE DIRIGE<\/h2>\n<p><span style=\"font-weight: 400;\">J\u00f3venes entre 16 y 30 a\u00f1os, sin criterios de exclusi\u00f3n. Tambi\u00e9n personas en situaci\u00f3n administrativa irregular.<\/span><\/p>\n<hr \/>\n<h2>PROGRAMAS<\/h2>\n<ul>\n<li>Lucha contra el estigma de la salud mental, mediante acciones de sensibilizaci\u00f3n en la poblaci\u00f3n general.<\/li>\n<li>Espacios de investigaci\u00f3n de trabajo grupales.<\/li>\n<li>Actividades socioeducativas grupales.<\/li>\n<li>Acompa\u00f1amiento intensivo individualizado, enfocado a la mejora de competencias emocionales y empleabilidad.<\/li>\n<li>Guiaje de iniciativas emprendedoras en el \u00e1mbito de la Econom\u00eda Social y Solidaria (cooperativas, asociaciones, etc.)<\/li>\n<\/ul>\n<hr \/>\n<h2>V\u00cdA DE ACCESO<\/h2>\n<p>Se puede acceder de dos maneras:<\/p>\n<ul>\n<li>Asistiendo en el espacio dentro del horario de recibimiento, contactando por v\u00eda email (<a href=\"mailto:info@ocelldefoctangram.org\">info@ocelldefoctangram.org<\/a>) , Whatsapp<b>\u00a9<\/b> (609 87 33 78) o Instagram<b>\u00a9<\/b> (<a href=\"https:\/\/instagram.com\/ocelldefoc.tangram?igshid=MzRlODBiNWFlZA==\" target=\"_blank\" rel=\"noreferrer noopener\">@ocelldefoc.tangram<\/a>)<\/li>\n<li>Derivaci\u00f3n de servicio especializado<\/li>\n<\/ul>\n<hr \/>\n<h2>GESTIONAN<\/h2>\n<p>Ocell de foc es un programa financiado por la Generalitat de Catalu\u00f1a y gestionado por un conjunto de entidades del territorio: <a href=\"https:\/\/www.salutmental.org\/\">Salut Mental Catalunya<\/a>, <a href=\"https:\/\/fundaciotallers.org\/ca\/\">Fundaci\u00f3 Tallers<\/a>, <a href=\"https:\/\/www.maristes.cat\/\">Centre obert Rialles<\/a>, <a href=\"https:\/\/www.casaldelsinfants.org\/\">Casal dels Infants<\/a> i <a href=\"https:\/\/www.isom.cat\/\">ISOM SCCL<\/a>.<\/p>\n<hr \/>\n<h2>M\u00c9S INFORMACI\u00d3<\/h2>\n<p>Web del programa: <a href=\"https:\/\/www.ocelldefoctangram.org\">ocelldefoctangram.org<\/a><\/p>\n<p>Horario de recibimiento a Santa Coloma de Gramenet:<\/p>\n<ul>\n<li>Lunes de 10:00h a 14:00h i de 15:00h a 17:00h<\/li>\n<li>Jueves de 15:00h a 18:00h<\/li>\n<li>Viernes de 9:00h a 12:00h<\/li>\n<\/ul>\n","protected":false},"excerpt":{"rendered":"<p>Programa de acompa\u00f1amiento para personas j\u00f3venes, especialmente aquellas con malestar emocional, que fomenta las relaciones sociales entre las personas j\u00f3venes as\u00ed como su inserci\u00f3n sociolaboral de manera individual o grupal.<\/p>\n","protected":false},"author":1,"featured_media":5835,"comment_status":"open","ping_status":"open","sticky":false,"template":"","format":"standard","meta":{"_et_pb_use_builder":"","_et_pb_old_content":"","_et_gb_content_width":"","footnotes":""},"categories":[38,42,49,45,57],"tags":[],"class_list":["post-5839","post","type-post","status-publish","format-standard","has-post-thumbnail","hentry","category-acceso-directo","category-adolescentes-12-18","category-otras","category-personas-adultas","category-social-es"],"_links":{"self":[{"href":"https:\/\/salutmental.info\/es\/wp-json\/wp\/v2\/posts\/5839","targetHints":{"allow":["GET"]}}],"collection":[{"href":"https:\/\/salutmental.info\/es\/wp-json\/wp\/v2\/posts"}],"about":[{"href":"https:\/\/salutmental.info\/es\/wp-json\/wp\/v2\/types\/post"}],"author":[{"embeddable":true,"href":"https:\/\/salutmental.info\/es\/wp-json\/wp\/v2\/users\/1"}],"replies":[{"embeddable":true,"href":"https:\/\/salutmental.info\/es\/wp-json\/wp\/v2\/comments?post=5839"}],"version-history":[{"count":7,"href":"https:\/\/salutmental.info\/es\/wp-json\/wp\/v2\/posts\/5839\/revisions"}],"predecessor-version":[{"id":6453,"href":"https:\/\/salutmental.info\/es\/wp-json\/wp\/v2\/posts\/5839\/revisions\/6453"}],"wp:featuredmedia":[{"embeddable":true,"href":"https:\/\/salutmental.info\/es\/wp-json\/wp\/v2\/media\/5835"}],"wp:attachment":[{"href":"https:\/\/salutmental.info\/es\/wp-json\/wp\/v2\/media?parent=5839"}],"wp:term":[{"taxonomy":"category","embeddable":true,"href":"https:\/\/salutmental.info\/es\/wp-json\/wp\/v2\/categories?post=5839"},{"taxonomy":"post_tag","embeddable":true,"href":"https:\/\/salutmental.info\/es\/wp-json\/wp\/v2\/tags?post=5839"}],"curies":[{"name":"wp","href":"https:\/\/api.w.org\/{rel}","templated":true}]}}