{"id":5247,"date":"2023-02-03T09:08:15","date_gmt":"2023-02-03T08:08:15","guid":{"rendered":"https:\/\/salutmental.info\/?p=5247"},"modified":"2023-02-03T09:08:20","modified_gmt":"2023-02-03T08:08:20","slug":"charla-impacto-del-trauma-infantil-en-la-salud-mental-y-somatica-de-las-personas-adultas","status":"publish","type":"post","link":"https:\/\/salutmental.info\/es\/charla-impacto-del-trauma-infantil-en-la-salud-mental-y-somatica-de-las-personas-adultas\/","title":{"rendered":"Charla Impacto del trauma infantil en la salud mental y som\u00e1tica de las personas adultas"},"content":{"rendered":"\n<p>La sesi\u00f3n forma parte del ciclo \u00abViolencia hacia la infancia\u00bb organizado por el Departament de Drets socials de la Generalitat con la colaboraci\u00f3n de la Oficina del Club de Roma en Barcelona.<\/p>\n<p>Ser\u00e1 el martes, 21 de febrero de 2023 a las 18h en el Palacio Macaya de Barcelona (Passeig Sant Joan, 108) amb el t\u00edtol: \u201cImpacto del trauma infantil en la salud mental y som\u00e1tica de las personas adultas\u201d.<\/p>\n<p>Ir\u00e1 a cargo de Benedikt L. Amann, coordinador de dos unidades de psiquiatr\u00eda del Centre F\u00f2rum del Parc Salut Mar, director de la Unidad de Investigaci\u00f3n del Centro F\u00f3rum IMIM y profesor asociado de la Universitat Pompeu Fabra. Su enfoque a nivel cl\u00ednico y de investigaci\u00f3n es la prevalencia y tratamiento del trauma psicol\u00f3gico en pacientes con trastorno mental grave.<\/p>\n<p>Hablar\u00e1 del trauma psicol\u00f3gico, del TEPT y TEPT complejo y su alta prevalencia en pacientes con trastornos mentales. Adem\u00e1s, se enfatizar\u00e1 la evidencia cient\u00edfica del impacto negativo del trauma psicol\u00f3gico, sobre todo durante la infancia, como un factor de riesgo para sufrir un trastorno mental en la edad adulta. Tambi\u00e9n se incluir\u00e1n consecuencias a nivel de enfermedades som\u00e1ticas y sociales del trauma infantil en la edad adulta. Para dar voz a personas traumatizadas con trastorno mental grave con sus necesidades en el sistema asistencial de nuestro hospital, realizar\u00e1 una entrevista a una persona atendida en el Hospital de D\u00eda de Psiquiatr\u00eda.<\/p>\n<p>La sesi\u00f3n ser\u00e1 presencial, y tambi\u00e9n se podr\u00e1 seguir de forma virtual a trav\u00e9s del siguiente enlace:<\/p>\n\n\n\n<figure class=\"wp-block-embed is-type-video is-provider-youtube wp-block-embed-youtube wp-embed-aspect-16-9 wp-has-aspect-ratio\"><div class=\"wp-block-embed__wrapper\">\n<iframe loading=\"lazy\" title=\"Impacte del trauma infantil a la salut mental i som\u00e0tica de les persones adultes.\" width=\"1080\" height=\"608\" src=\"https:\/\/www.youtube.com\/embed\/gMO_TYxqrWM?feature=oembed\"  allow=\"accelerometer; autoplay; clipboard-write; encrypted-media; gyroscope; picture-in-picture; web-share\" referrerpolicy=\"strict-origin-when-cross-origin\" allowfullscreen><\/iframe>\n<\/div><\/figure>\n\n\n\n<p>En caso de asistir presencialmente, hay que confirmarlo en: <a href=\"https:\/\/macaya.caixaforum.org\/ca\/p\/impacte-del-trauma-infantil-en-la-salut-mental_a121503222\">https:\/\/macaya.caixaforum.org\/ca\/p\/impacte-del-trauma-infantil-en-la-salut-mental_a121503222 <\/a><\/p>\n","protected":false},"excerpt":{"rendered":"<p>La sesi\u00f3n forma parte del ciclo \u00abViolencia hacia la infancia\u00bb organizado por el Departament de Drets socials de la Generalitat con la colaboraci\u00f3n de la Oficina del Club de Roma en Barcelona. Ser\u00e1 el martes, 21 de febrero de 2023 a las 18h en el Palacio Macaya de Barcelona (Passeig Sant Joan, 108) amb el [&hellip;]<\/p>\n","protected":false},"author":1,"featured_media":5243,"comment_status":"open","ping_status":"open","sticky":false,"template":"","format":"standard","meta":{"_et_pb_use_builder":"off","_et_pb_old_content":"","_et_gb_content_width":"","footnotes":""},"categories":[27,30],"tags":[],"class_list":["post-5247","post","type-post","status-publish","format-standard","has-post-thumbnail","hentry","category-_noticia-i-articles","category-salut-mental-_noticia-i-articles"],"_links":{"self":[{"href":"https:\/\/salutmental.info\/es\/wp-json\/wp\/v2\/posts\/5247","targetHints":{"allow":["GET"]}}],"collection":[{"href":"https:\/\/salutmental.info\/es\/wp-json\/wp\/v2\/posts"}],"about":[{"href":"https:\/\/salutmental.info\/es\/wp-json\/wp\/v2\/types\/post"}],"author":[{"embeddable":true,"href":"https:\/\/salutmental.info\/es\/wp-json\/wp\/v2\/users\/1"}],"replies":[{"embeddable":true,"href":"https:\/\/salutmental.info\/es\/wp-json\/wp\/v2\/comments?post=5247"}],"version-history":[{"count":1,"href":"https:\/\/salutmental.info\/es\/wp-json\/wp\/v2\/posts\/5247\/revisions"}],"predecessor-version":[{"id":5248,"href":"https:\/\/salutmental.info\/es\/wp-json\/wp\/v2\/posts\/5247\/revisions\/5248"}],"wp:featuredmedia":[{"embeddable":true,"href":"https:\/\/salutmental.info\/es\/wp-json\/wp\/v2\/media\/5243"}],"wp:attachment":[{"href":"https:\/\/salutmental.info\/es\/wp-json\/wp\/v2\/media?parent=5247"}],"wp:term":[{"taxonomy":"category","embeddable":true,"href":"https:\/\/salutmental.info\/es\/wp-json\/wp\/v2\/categories?post=5247"},{"taxonomy":"post_tag","embeddable":true,"href":"https:\/\/salutmental.info\/es\/wp-json\/wp\/v2\/tags?post=5247"}],"curies":[{"name":"wp","href":"https:\/\/api.w.org\/{rel}","templated":true}]}}