{"id":5089,"date":"2022-10-03T12:01:29","date_gmt":"2022-10-03T10:01:29","guid":{"rendered":"https:\/\/salutmental.info\/?p=5089"},"modified":"2022-10-03T12:01:32","modified_gmt":"2022-10-03T10:01:32","slug":"marcha-por-la-salud-mental-en-santa-coloma","status":"publish","type":"post","link":"https:\/\/salutmental.info\/es\/marcha-por-la-salud-mental-en-santa-coloma\/","title":{"rendered":"Marcha por la salud mental en Santa Coloma"},"content":{"rendered":"\n<p>El F\u00f2rum Salut mental i adiccions ha organizado la 10\u00aa Marcha por la salud mental que, en esta ocasi\u00f3n, se realizar\u00e1 en el r\u00edo Bes\u00f2s y saldr\u00e1 de Santa Coloma de Gramenet.<\/p>\n<p>La Marcha es una caminata sin car\u00e1cter competitivo, que se realiza con el objetivo de visualizar, concienciar y sensibilizar a la ciudadan\u00eda sobre el colectivo de personas con problemas de salud mental.<\/p>\n<p>Est\u00e1 dirigida a todo tipo de personas, indistintamente de su condici\u00f3n f\u00edsica y edad y es totalmente recomendable para familias y grupos de amigos y amigas, entidades, o personas individuales que quieran pasar una buena ma\u00f1ana de ejercicio saludable y solidario.<\/p>\n<p>Son 9 km. Es necesario realizar inscripci\u00f3n si se quiere la camiseta del acto y el desayuno.<br \/>El 8 de octubre durante todo el d\u00eda, habr\u00e1 una carpa en la Plaza de la Villa de Santa Coloma de Gramenet para realizar las inscripciones.<\/p>\n<p>\u00a0<\/p>\n\n\n\n<div class=\"wp-block-buttons is-layout-flex wp-block-buttons-is-layout-flex\">\n<div class=\"wp-block-button\"><a class=\"wp-block-button__link\" href=\"https:\/\/www.forumsalutmental.org\/ca\/activitats\/marxa-salut-mental\">M\u00e1s informaci\u00f3n e inscripciones<\/a><\/div>\n<\/div>\n\n\n\n<figure class=\"wp-block-image size-large\"><img decoding=\"async\" src=\"https:\/\/www.forumsalutmental.org\/images\/noticias\/2022\/10-marxa-per-la-salut-mental.jpg\" alt=\"\"\/><\/figure>\n\n\n\n<p>Imatge destacada de Roman Grac en Pixabay<\/p>\n","protected":false},"excerpt":{"rendered":"<p>El F\u00f2rum Salut mental i adiccions ha organizado la 10\u00aa Marcha por la salud mental que, en esta ocasi\u00f3n, se realizar\u00e1 en el r\u00edo Bes\u00f2s y saldr\u00e1 de Santa Coloma de Gramenet. La Marcha es una caminata sin car\u00e1cter competitivo, que se realiza con el objetivo de visualizar, concienciar y sensibilizar a la ciudadan\u00eda sobre [&hellip;]<\/p>\n","protected":false},"author":1,"featured_media":5085,"comment_status":"open","ping_status":"open","sticky":false,"template":"","format":"standard","meta":{"_et_pb_use_builder":"off","_et_pb_old_content":"","_et_gb_content_width":"","footnotes":""},"categories":[27,30],"tags":[],"class_list":["post-5089","post","type-post","status-publish","format-standard","has-post-thumbnail","hentry","category-_noticia-i-articles","category-salut-mental-_noticia-i-articles"],"_links":{"self":[{"href":"https:\/\/salutmental.info\/es\/wp-json\/wp\/v2\/posts\/5089","targetHints":{"allow":["GET"]}}],"collection":[{"href":"https:\/\/salutmental.info\/es\/wp-json\/wp\/v2\/posts"}],"about":[{"href":"https:\/\/salutmental.info\/es\/wp-json\/wp\/v2\/types\/post"}],"author":[{"embeddable":true,"href":"https:\/\/salutmental.info\/es\/wp-json\/wp\/v2\/users\/1"}],"replies":[{"embeddable":true,"href":"https:\/\/salutmental.info\/es\/wp-json\/wp\/v2\/comments?post=5089"}],"version-history":[{"count":1,"href":"https:\/\/salutmental.info\/es\/wp-json\/wp\/v2\/posts\/5089\/revisions"}],"predecessor-version":[{"id":5090,"href":"https:\/\/salutmental.info\/es\/wp-json\/wp\/v2\/posts\/5089\/revisions\/5090"}],"wp:featuredmedia":[{"embeddable":true,"href":"https:\/\/salutmental.info\/es\/wp-json\/wp\/v2\/media\/5085"}],"wp:attachment":[{"href":"https:\/\/salutmental.info\/es\/wp-json\/wp\/v2\/media?parent=5089"}],"wp:term":[{"taxonomy":"category","embeddable":true,"href":"https:\/\/salutmental.info\/es\/wp-json\/wp\/v2\/categories?post=5089"},{"taxonomy":"post_tag","embeddable":true,"href":"https:\/\/salutmental.info\/es\/wp-json\/wp\/v2\/tags?post=5089"}],"curies":[{"name":"wp","href":"https:\/\/api.w.org\/{rel}","templated":true}]}}