{"id":4560,"date":"2021-11-08T16:31:08","date_gmt":"2021-11-08T15:31:08","guid":{"rendered":"https:\/\/salutmental.info\/?p=4560"},"modified":"2021-11-08T16:31:27","modified_gmt":"2021-11-08T15:31:27","slug":"video-de-la-jornada-derechos-de-las-personas-con-discapacidad","status":"publish","type":"post","link":"https:\/\/salutmental.info\/es\/video-de-la-jornada-derechos-de-las-personas-con-discapacidad\/","title":{"rendered":"V\u00eddeo de la Jornada Derechos de las personas con discapacidad"},"content":{"rendered":"\n<p><span class=\"VIiyi\" lang=\"es\"><span class=\"JLqJ4b ChMk0b\" data-language-for-alternatives=\"es\" data-language-to-translate-into=\"ca\" data-phrase-index=\"0\" data-number-of-phrases=\"5\">El 29 de octubre de 2021 se celebr\u00f3 en Barcelona la I Jornada Derechos de las personas con discapacidad.<\/span> <span class=\"JLqJ4b ChMk0b\" data-language-for-alternatives=\"es\" data-language-to-translate-into=\"ca\" data-phrase-index=\"1\" data-number-of-phrases=\"5\">Encontrar\u00e9is el<\/span><\/span> <a href=\"https:\/\/www.cronda.coop\/Agenda\/Drets-de-les-persones-amb-discapacitat\">programa aqu\u00ed<\/a>.<\/p>\n<p><span class=\"VIiyi\" lang=\"es\"><span class=\"JLqJ4b ChMk0b\" data-language-for-alternatives=\"es\" data-language-to-translate-into=\"ca\" data-phrase-index=\"3\" data-number-of-phrases=\"5\">Las personas que han asistido a la Jornada han comunicado que ha sido muy interesante.<\/span> <span class=\"JLqJ4b ChMk0b\" data-language-for-alternatives=\"es\" data-language-to-translate-into=\"ca\" data-phrase-index=\"4\" data-number-of-phrases=\"5\">Y Salut Mental Catalunya y la cooperativa Col\u00b7lectiu Ronda -entidades organizadoras del acto- han querido socializar sus contenidos.<\/span><\/span><\/p>\n<p><iframe loading=\"lazy\" title=\"Jornades - Drets de les persones amb discapacitat\" width=\"1080\" height=\"608\" src=\"https:\/\/www.youtube.com\/embed\/t0gnDAsndfs?feature=oembed\"  allow=\"accelerometer; autoplay; clipboard-write; encrypted-media; gyroscope; picture-in-picture; web-share\" referrerpolicy=\"strict-origin-when-cross-origin\" allowfullscreen><\/iframe><\/p>\n<p>\u00a0<\/p>\n","protected":false},"excerpt":{"rendered":"<p>El 29 de octubre de 2021 se celebr\u00f3 en Barcelona la I Jornada Derechos de las personas con discapacidad. Encontrar\u00e9is el programa aqu\u00ed. Las personas que han asistido a la Jornada han comunicado que ha sido muy interesante. Y Salut Mental Catalunya y la cooperativa Col\u00b7lectiu Ronda -entidades organizadoras del acto- han querido socializar sus [&hellip;]<\/p>\n","protected":false},"author":1,"featured_media":3017,"comment_status":"open","ping_status":"open","sticky":false,"template":"","format":"standard","meta":{"_et_pb_use_builder":"off","_et_pb_old_content":"","_et_gb_content_width":"","footnotes":""},"categories":[34,33,36],"tags":[],"class_list":["post-4560","post","type-post","status-publish","format-standard","has-post-thumbnail","hentry","category-_adicciones","category-_noticias-y-articulos","category-_salud-mental"],"_links":{"self":[{"href":"https:\/\/salutmental.info\/es\/wp-json\/wp\/v2\/posts\/4560","targetHints":{"allow":["GET"]}}],"collection":[{"href":"https:\/\/salutmental.info\/es\/wp-json\/wp\/v2\/posts"}],"about":[{"href":"https:\/\/salutmental.info\/es\/wp-json\/wp\/v2\/types\/post"}],"author":[{"embeddable":true,"href":"https:\/\/salutmental.info\/es\/wp-json\/wp\/v2\/users\/1"}],"replies":[{"embeddable":true,"href":"https:\/\/salutmental.info\/es\/wp-json\/wp\/v2\/comments?post=4560"}],"version-history":[{"count":1,"href":"https:\/\/salutmental.info\/es\/wp-json\/wp\/v2\/posts\/4560\/revisions"}],"predecessor-version":[{"id":4561,"href":"https:\/\/salutmental.info\/es\/wp-json\/wp\/v2\/posts\/4560\/revisions\/4561"}],"wp:featuredmedia":[{"embeddable":true,"href":"https:\/\/salutmental.info\/es\/wp-json\/wp\/v2\/media\/3017"}],"wp:attachment":[{"href":"https:\/\/salutmental.info\/es\/wp-json\/wp\/v2\/media?parent=4560"}],"wp:term":[{"taxonomy":"category","embeddable":true,"href":"https:\/\/salutmental.info\/es\/wp-json\/wp\/v2\/categories?post=4560"},{"taxonomy":"post_tag","embeddable":true,"href":"https:\/\/salutmental.info\/es\/wp-json\/wp\/v2\/tags?post=4560"}],"curies":[{"name":"wp","href":"https:\/\/api.w.org\/{rel}","templated":true}]}}