{"id":4508,"date":"2021-10-15T10:11:27","date_gmt":"2021-10-15T08:11:27","guid":{"rendered":"https:\/\/salutmental.info\/?p=4508"},"modified":"2021-10-15T10:14:21","modified_gmt":"2021-10-15T08:14:21","slug":"v-jornada-salud-mental-y-addicciones-un-tiempo-de-incertidumbre-y-cansancio","status":"publish","type":"post","link":"https:\/\/salutmental.info\/es\/v-jornada-salud-mental-y-addicciones-un-tiempo-de-incertidumbre-y-cansancio\/","title":{"rendered":"V Jornada Salud mental y addicciones Un tiempo de incertidumbre y cansancio"},"content":{"rendered":"\n<p><img loading=\"lazy\" decoding=\"async\" class=\"alignright size-full wp-image-4479\" src=\"https:\/\/salutmental.info\/wp-content\/uploads\/2021\/10\/vjornada.png\" alt=\"\" width=\"478\" height=\"392\" srcset=\"https:\/\/salutmental.info\/wp-content\/uploads\/2021\/10\/vjornada.png 478w, https:\/\/salutmental.info\/wp-content\/uploads\/2021\/10\/vjornada-300x246.png 300w\" sizes=\"(max-width: 478px) 100vw, 478px\" \/><\/p>\n<p>La Jornada bienal se har\u00e1 el 29 de octubre en el Auditori Can Roig i Torres (Rafael de Casanovas, 5 de Santa Coloma de Gramenet).<\/p>\n<p>Dirigida a profesionales sociosanitarios, personas con la experiencia o interesadas en el tema, gira alrededor del impacto que ha tenido la Covid en personas con trastornos, familias y profesionales de diferentes \u00e1mbitos.<\/p>\n<p>\u00a0<\/p>\n<h2>Inscripci\u00f3n<\/h2>\n<p>Inscripci\u00f3n obligatoria por internet en <a href=\"http:\/\/bit.ly\/jornadasma\">bit.ly\/jornadasma<\/a><br \/>La inscripci\u00f3n es gratuita.<br \/>Se entregar\u00e1 un certificado de asistencia con firma de entrada y salida.<\/p>\n<p><a href=\"https:\/\/salutmental.info\/wp-content\/uploads\/2021\/10\/V_Jornada_SMA_programa.pdf\">Programa V Jornada SMA<\/a><br \/><a href=\"https:\/\/salutmental.info\/wp-content\/uploads\/2021\/10\/V_Jornada_SMA_cartell.pdf\">Cartell V Jornada SMA<\/a><\/p>\n<hr \/>\n<h2>Programa<\/h2>\n<p><strong>9.00 Presentaci\u00f3<\/strong><br \/>N\u00faria Parlon -Alcaldessa de Santa Coloma de Gramenet<\/p>\n<p><strong>9.15 Pon\u00e8ncia marc<\/strong><br \/><strong>Inseguretats i problemes agreujats, i l\u2019autolesi\u00f3 f\u00edsica i social com a resposta<\/strong><br \/>\u00c0urea Autet Puig, psiquiatra, cap de Salut mental de la fundaci\u00f3 Althaia<\/p>\n<p><strong>10.15 1a taula La fatiga i la incertesa en persones amb trastorns i familiars<\/strong><br \/>Addiccions: Diego Ar\u00e1gena Guiz\u00e1n (psic\u00f2leg del CAS Baluart)<br \/>Adolescents: Bel\u00e9n Sieso Gracia i Noem\u00ed Paniello G\u00f3mez (Hospital de dia d\u2019adolescents de Santa Coloma)<br \/>Familiars: Susana Plasencia Caparroz (presidenta de l\u2019ass. Salut mental Matar\u00f3 Maresme)<br \/>Presenta i modera: Daniel L\u00f3pez Fern\u00e1ndez (Club social Gramenet)<\/p>\n<p>11.45 [caf\u00e8] Ecol\u00f2gic, veg\u00e0 i de comer\u00e7 just<\/p>\n<p><strong>12.15 2a taula La fatiga i la incertesa en professionals<\/strong><br \/>\u00c0mbit social: Ra\u00fal Garcia Mil\u00e1n (director del centre obert Rialles)<br \/>\u00c0mbit hospitalari: Joanaina Re\u00f1\u00e9 Reyes (infermera de cures intensives)<br \/>\u00c0mbit educatiu: Sandra Ramos Rodr\u00edguez (Ins Terra Roja)<br \/>Presenta i modera: Cristina Macias Castellv\u00ed (Parc de Salut mar)<\/p>\n<p>13.45 Cloenda<br \/>B\u00e1rbara Ferrer Escobar -Tinenta d\u2019alcaldessa de Drets socials<\/p>\n<hr \/>\n<h2>Transport p\u00fablic<\/h2>\n<p>Recomanem venir en transport p\u00fablic per sostenibilitat.<br \/>&lt;M&gt; L\u00ednia 1 Santa Coloma<br \/>&lt;M&gt; L\u00ednia 9N Esgl\u00e9sia major<br \/>Autobusos amb parada a la Pla\u00e7a de la vila de Santa Coloma de Gramenet.<\/p>\n<p style=\"text-align: right;\">Foto destacada d&#8217;Adriana Martinsa (freeimages.com)<\/p>\n","protected":false},"excerpt":{"rendered":"<p>La Jornada bienal se har\u00e1 el 29 de octubre en el Auditori Can Roig i Torres (Rafael de Casanovas, 5 de Santa Coloma de Gramenet). Dirigida a profesionales sociosanitarios, personas con la experiencia o interesadas en el tema, gira alrededor del impacto que ha tenido la Covid en personas con trastornos, familias y profesionales de [&hellip;]<\/p>\n","protected":false},"author":1,"featured_media":4506,"comment_status":"open","ping_status":"open","sticky":false,"template":"","format":"standard","meta":{"_et_pb_use_builder":"off","_et_pb_old_content":"","_et_gb_content_width":"","footnotes":""},"categories":[34,33,36],"tags":[],"class_list":["post-4508","post","type-post","status-publish","format-standard","has-post-thumbnail","hentry","category-_adicciones","category-_noticias-y-articulos","category-_salud-mental"],"_links":{"self":[{"href":"https:\/\/salutmental.info\/es\/wp-json\/wp\/v2\/posts\/4508","targetHints":{"allow":["GET"]}}],"collection":[{"href":"https:\/\/salutmental.info\/es\/wp-json\/wp\/v2\/posts"}],"about":[{"href":"https:\/\/salutmental.info\/es\/wp-json\/wp\/v2\/types\/post"}],"author":[{"embeddable":true,"href":"https:\/\/salutmental.info\/es\/wp-json\/wp\/v2\/users\/1"}],"replies":[{"embeddable":true,"href":"https:\/\/salutmental.info\/es\/wp-json\/wp\/v2\/comments?post=4508"}],"version-history":[{"count":1,"href":"https:\/\/salutmental.info\/es\/wp-json\/wp\/v2\/posts\/4508\/revisions"}],"predecessor-version":[{"id":4509,"href":"https:\/\/salutmental.info\/es\/wp-json\/wp\/v2\/posts\/4508\/revisions\/4509"}],"wp:featuredmedia":[{"embeddable":true,"href":"https:\/\/salutmental.info\/es\/wp-json\/wp\/v2\/media\/4506"}],"wp:attachment":[{"href":"https:\/\/salutmental.info\/es\/wp-json\/wp\/v2\/media?parent=4508"}],"wp:term":[{"taxonomy":"category","embeddable":true,"href":"https:\/\/salutmental.info\/es\/wp-json\/wp\/v2\/categories?post=4508"},{"taxonomy":"post_tag","embeddable":true,"href":"https:\/\/salutmental.info\/es\/wp-json\/wp\/v2\/tags?post=4508"}],"curies":[{"name":"wp","href":"https:\/\/api.w.org\/{rel}","templated":true}]}}