{"id":3882,"date":"2020-09-21T14:59:48","date_gmt":"2020-09-21T12:59:48","guid":{"rendered":"https:\/\/salutmental.info\/?p=3882"},"modified":"2020-09-21T14:59:50","modified_gmt":"2020-09-21T12:59:50","slug":"salud-mental-e-infancia-ante-la-covid","status":"publish","type":"post","link":"https:\/\/salutmental.info\/es\/salud-mental-e-infancia-ante-la-covid\/","title":{"rendered":"Salud mental e infancia ante la covid"},"content":{"rendered":"\n<div class=\"wp-block-media-text alignwide is-stacked-on-mobile\" style=\"grid-template-columns:29% auto\"><figure class=\"wp-block-media-text__media\"><img loading=\"lazy\" decoding=\"async\" width=\"305\" height=\"429\" src=\"https:\/\/salutmental.info\/wp-content\/uploads\/2020\/09\/salutmentalunicef.png\" alt=\"\" class=\"wp-image-3877\" srcset=\"https:\/\/salutmental.info\/wp-content\/uploads\/2020\/09\/salutmentalunicef.png 305w, https:\/\/salutmental.info\/wp-content\/uploads\/2020\/09\/salutmentalunicef-213x300.png 213w\" sizes=\"(max-width: 305px) 100vw, 305px\" \/><\/figure><div class=\"wp-block-media-text__content\">\n<p>Unicef Espa\u00f1a ha hecho una publicaci\u00f3n muy interesante sobre el impacto de la Covid y el confinamiento en la salud mental de la infancia. Adem\u00e1s hacen propuestas de intervenci\u00f3n para la administraci\u00f3n p\u00fablica y la red especializada no s\u00f3lo aqu\u00ed sino tambi\u00e9n en pa\u00edses del Sur global.<br><\/p>\n\n\n\n<p>Adem\u00e1s de dar cifras y explicar la problem\u00e1tica incluye experiencia u opiniones en primera persona.<br><\/p>\n<\/div><\/div>\n\n\n\n<div class=\"wp-block-buttons is-layout-flex wp-block-buttons-is-layout-flex\">\n<div class=\"wp-block-button\"><a class=\"wp-block-button__link\" href=\"\">DESCARGAR Salud mental e infancia en els escenario de la covid-19<\/a><\/div>\n<\/div>\n","protected":false},"excerpt":{"rendered":"<p>Unicef Espa\u00f1a ha hecho una publicaci\u00f3n muy interesante sobre el impacto de la Covid y el confinamiento en la salud mental de la infancia. Adem\u00e1s hacen propuestas de intervenci\u00f3n para la administraci\u00f3n p\u00fablica y la red especializada no s\u00f3lo aqu\u00ed sino tambi\u00e9n en pa\u00edses del Sur global. Adem\u00e1s de dar cifras y explicar la problem\u00e1tica [&hellip;]<\/p>\n","protected":false},"author":1,"featured_media":3880,"comment_status":"open","ping_status":"open","sticky":false,"template":"","format":"standard","meta":{"_et_pb_use_builder":"off","_et_pb_old_content":"","_et_gb_content_width":"","footnotes":""},"categories":[33,36],"tags":[],"class_list":["post-3882","post","type-post","status-publish","format-standard","has-post-thumbnail","hentry","category-_noticias-y-articulos","category-_salud-mental"],"_links":{"self":[{"href":"https:\/\/salutmental.info\/es\/wp-json\/wp\/v2\/posts\/3882","targetHints":{"allow":["GET"]}}],"collection":[{"href":"https:\/\/salutmental.info\/es\/wp-json\/wp\/v2\/posts"}],"about":[{"href":"https:\/\/salutmental.info\/es\/wp-json\/wp\/v2\/types\/post"}],"author":[{"embeddable":true,"href":"https:\/\/salutmental.info\/es\/wp-json\/wp\/v2\/users\/1"}],"replies":[{"embeddable":true,"href":"https:\/\/salutmental.info\/es\/wp-json\/wp\/v2\/comments?post=3882"}],"version-history":[{"count":1,"href":"https:\/\/salutmental.info\/es\/wp-json\/wp\/v2\/posts\/3882\/revisions"}],"predecessor-version":[{"id":3883,"href":"https:\/\/salutmental.info\/es\/wp-json\/wp\/v2\/posts\/3882\/revisions\/3883"}],"wp:featuredmedia":[{"embeddable":true,"href":"https:\/\/salutmental.info\/es\/wp-json\/wp\/v2\/media\/3880"}],"wp:attachment":[{"href":"https:\/\/salutmental.info\/es\/wp-json\/wp\/v2\/media?parent=3882"}],"wp:term":[{"taxonomy":"category","embeddable":true,"href":"https:\/\/salutmental.info\/es\/wp-json\/wp\/v2\/categories?post=3882"},{"taxonomy":"post_tag","embeddable":true,"href":"https:\/\/salutmental.info\/es\/wp-json\/wp\/v2\/tags?post=3882"}],"curies":[{"name":"wp","href":"https:\/\/api.w.org\/{rel}","templated":true}]}}