{"id":3577,"date":"2020-03-25T13:57:48","date_gmt":"2020-03-25T12:57:48","guid":{"rendered":"https:\/\/salutmental.info\/?p=3577"},"modified":"2023-07-18T11:36:46","modified_gmt":"2023-07-18T09:36:46","slug":"sesmdi-barcelones-nord","status":"publish","type":"post","link":"https:\/\/salutmental.info\/es\/sesmdi-barcelones-nord\/","title":{"rendered":"SESMDI del Barcelon\u00e8s Nord y Maresme (Servicio especializado en salud mental y discapacidad intelectual)"},"content":{"rendered":"<p><strong>Servicio especializado en la atenci\u00f3n a personas con discapacidad intelectual que presentan un trastorno mental a\u00f1adido o graves dificultades para regular sus emociones y su conducta.<\/strong><\/p>\n<hr \/>\n<p><!--more--><\/p>\n<h2>UBICACI\u00d3N<\/h2>\n<p>Barcelon\u00e8s Nord: CAP la Salut , 1a planta<br \/>\n<a href=\"https:\/\/goo.gl\/maps\/dmfnVEjNb5bonnDp6\">Passatge dels Encants, s\/n<\/a> (08914 Badalona)<\/p>\n<p>Maresme: Hospital de Matar\u00f3<br \/>\n<a href=\"https:\/\/goo.gl\/maps\/LeaGpMz3Vjojkyd18\" target=\"_blank\" rel=\"noopener noreferrer\">Carretera de cirera, s\/n<\/a> (08304 Matar\u00f3)<\/p>\n<p><iframe loading=\"lazy\" style=\"border: 0;\" tabindex=\"0\" src=\"https:\/\/www.google.com\/maps\/embed?pb=!1m18!1m12!1m3!1d2990.8282555988085!2d2.2241983149642626!3d41.44294807925907!2m3!1f0!2f0!3f0!3m2!1i1024!2i768!4f13.1!3m3!1m2!1s0x12a4bb61691fac11%3A0x92663322b34be2a1!2sCAP%20La%20Salut!5e0!3m2!1sca!2ses!4v1585128813866!5m2!1sca!2ses\" width=\"600\" height=\"450\" frameborder=\"0\" allowfullscreen=\"allowfullscreen\" aria-hidden=\"false\"><\/iframe><\/p>\n<hr \/>\n<h2>CONTACTO<\/h2>\n<p>Tel. 93 741 77 31 (horario de atenci\u00f3n de 8 a 15 h)<\/p>\n<hr \/>\n<h2>A QUIEN SE DIRIGE<\/h2>\n<p>Personas mayores de edad con una discapacidad intelectual (con certificado de reconocimiento de la discapacidad) y un trastorno mental o comportamientos de alta complejidad, de Santa Coloma de Gramenet, Sant Adri\u00e0 de Bes\u00f2s y Badalona (Barcelon\u00e8s Nord) o el Maresme.<\/p>\n<hr \/>\n<h2>PROGRAMAS<\/h2>\n<ul>\n<li>Atenci\u00f3n interdisciplinar especializada en salud mental y alteraciones conductuales: tratamiento psicofarmacol\u00f3gico y psicoterap\u00e9utico, promoci\u00f3n de la salud, orientaci\u00f3n y apoyo social.<\/li>\n<li>Atenci\u00f3n a las familias de personas con una discapacidad y un trastorno mental.<\/li>\n<li>Apoyo, asesoramiento y formaci\u00f3n de profesionales de las redes sanitaria, salud mental y social.<\/li>\n<li>Docencia e investigaci\u00f3n vinculada al campo de la discapacidad intelectual y el trastorno mental.<\/li>\n<\/ul>\n<hr \/>\n<h2>V\u00cdA DE ACCESO<\/h2>\n<p>Por derivaci\u00f3n de:<\/p>\n<ul>\n<li>Atenci\u00f3n primaria de salud (CAP) o social (servicios sociales).<\/li>\n<li>Servicios de la red de atenci\u00f3n a la salud mental (CSMA u otros).<\/li>\n<li>Servicios de atenci\u00f3n a personas con discapacidades (centro especiales de trabajo, servicio ocupacional de inserci\u00f3n, servicio de terapia ocupacional, centro de atenci\u00f3n especializada, hogar-residencia u otros).<\/li>\n<\/ul>\n<p>La derivaci\u00f3n se hace mediante un formulario que se env\u00eda encriptado por correo electr\u00f3nico.<\/p>\n<hr \/>\n<h2>M\u00c1S INFORMACI\u00d3N<\/h2>\n<p><a href=\"http:\/\/csdm.cat\" target=\"_blank\" rel=\"noopener noreferrer\">http:\/\/csdm.cat<\/a><\/p>\n<hr \/>\n<h2>GESTIONA<\/h2>\n<p>Consorci sanitari del Maresme<\/p>\n","protected":false},"excerpt":{"rendered":"<p>Servicio especializado en la atenci\u00f3n a personas con discapacidad intelectual que presentan un trastorno mental a\u00f1adido o graves dificultades para regular sus emociones y su conducta.<\/p>\n","protected":false},"author":1,"featured_media":3579,"comment_status":"open","ping_status":"open","sticky":false,"template":"","format":"standard","meta":{"_et_pb_use_builder":"","_et_pb_old_content":"","_et_gb_content_width":"","footnotes":""},"categories":[],"tags":[],"class_list":["post-3577","post","type-post","status-publish","format-standard","has-post-thumbnail","hentry"],"_links":{"self":[{"href":"https:\/\/salutmental.info\/es\/wp-json\/wp\/v2\/posts\/3577","targetHints":{"allow":["GET"]}}],"collection":[{"href":"https:\/\/salutmental.info\/es\/wp-json\/wp\/v2\/posts"}],"about":[{"href":"https:\/\/salutmental.info\/es\/wp-json\/wp\/v2\/types\/post"}],"author":[{"embeddable":true,"href":"https:\/\/salutmental.info\/es\/wp-json\/wp\/v2\/users\/1"}],"replies":[{"embeddable":true,"href":"https:\/\/salutmental.info\/es\/wp-json\/wp\/v2\/comments?post=3577"}],"version-history":[{"count":6,"href":"https:\/\/salutmental.info\/es\/wp-json\/wp\/v2\/posts\/3577\/revisions"}],"predecessor-version":[{"id":5599,"href":"https:\/\/salutmental.info\/es\/wp-json\/wp\/v2\/posts\/3577\/revisions\/5599"}],"wp:featuredmedia":[{"embeddable":true,"href":"https:\/\/salutmental.info\/es\/wp-json\/wp\/v2\/media\/3579"}],"wp:attachment":[{"href":"https:\/\/salutmental.info\/es\/wp-json\/wp\/v2\/media?parent=3577"}],"wp:term":[{"taxonomy":"category","embeddable":true,"href":"https:\/\/salutmental.info\/es\/wp-json\/wp\/v2\/categories?post=3577"},{"taxonomy":"post_tag","embeddable":true,"href":"https:\/\/salutmental.info\/es\/wp-json\/wp\/v2\/tags?post=3577"}],"curies":[{"name":"wp","href":"https:\/\/api.w.org\/{rel}","templated":true}]}}