{"id":3430,"date":"2020-01-24T08:41:04","date_gmt":"2020-01-24T07:41:04","guid":{"rendered":"https:\/\/salutmental.info\/?p=3430"},"modified":"2020-01-24T08:41:06","modified_gmt":"2020-01-24T07:41:06","slug":"mesa-redonda-hablando-del-estigma-en-primera-persona","status":"publish","type":"post","link":"https:\/\/salutmental.info\/es\/mesa-redonda-hablando-del-estigma-en-primera-persona\/","title":{"rendered":"Mesa redonda Hablando del estigma en primera persona"},"content":{"rendered":"\n<P> <strong>El martes 4 de febrero <\/ strong> a las <strong> 18.30 h <\/ strong> ya la <strong> Biblioteca Singuerl\u00edn &#8211; Salvador Cabr\u00e9 <\/ strong> se har\u00e1 la primera <strong> mesa redonda Hablemos de el estigma en primera <\/ strong>. Se trata de un espacio en la que cada mesa se dedic\u00f3 a un tema donde hay etiquetado y prejuicios, y en el que personas de tres colectivos diferentes cuentan su vivencia del estigma. <\/ P>\n<P> Esta tabla tratar\u00e1 de <strong> el estigma a las relaciones sociales y el ocio <\/ strong>, por el <strong> orientaci\u00f3n sexual <\/ strong>, <strong> ser grande <\/ strong> o tener un <strong> trastorna mental <\/ strong>. <\/ p>\n<P> Correr\u00e1 a cargo de: <\/ p>\n<Ul>\n<Li> Blanca Aguilera. <\/ Li>\n<Li> Mario Verdejo. <\/ Li>\n<Li> Xavi Villena. <\/ Li>\n<\/ Ul>\n<P> La moderadora ser\u00e1 Lourdes Reyes. <\/ P>\n<P style = \"text-align: right;\"> Photo by Juan Carlos Rodr\u00edguez from FreeImages.com <\/ p>\n\n\n\n<figure class=\"wp-block-image size-large\"><img loading=\"lazy\" decoding=\"async\" width=\"1024\" height=\"618\" src=\"https:\/\/salutmental.info\/wp-content\/uploads\/2020\/01\/Sentir_Salut_Mental_2_Cartell-1024x618.png\" alt=\"\" class=\"wp-image-3417\" srcset=\"https:\/\/salutmental.info\/wp-content\/uploads\/2020\/01\/Sentir_Salut_Mental_2_Cartell-980x592.png 980w, https:\/\/salutmental.info\/wp-content\/uploads\/2020\/01\/Sentir_Salut_Mental_2_Cartell-480x290.png 480w\" sizes=\"(min-width: 0px) and (max-width: 480px) 480px, (min-width: 481px) and (max-width: 980px) 980px, (min-width: 981px) 1024px, 100vw\" \/><\/figure>\n","protected":false},"excerpt":{"rendered":"<p>El martes 4 de febrero a las 18.30 h ya la Biblioteca Singuerl\u00edn &#8211; Salvador Cabr\u00e9 se har\u00e1 la primera mesa redonda Hablemos de el estigma en primera . Se trata de un espacio en la que cada mesa se dedic\u00f3 a un tema donde hay etiquetado y prejuicios, y en el que personas de [&hellip;]<\/p>\n","protected":false},"author":1,"featured_media":3422,"comment_status":"open","ping_status":"open","sticky":false,"template":"","format":"standard","meta":{"_et_pb_use_builder":"on","_et_pb_old_content":"","_et_gb_content_width":"","footnotes":""},"categories":[35,33,36],"tags":[],"class_list":["post-3430","post","type-post","status-publish","format-standard","has-post-thumbnail","hentry","category-_en-primera-persona-es","category-_noticias-y-articulos","category-_salud-mental"],"_links":{"self":[{"href":"https:\/\/salutmental.info\/es\/wp-json\/wp\/v2\/posts\/3430","targetHints":{"allow":["GET"]}}],"collection":[{"href":"https:\/\/salutmental.info\/es\/wp-json\/wp\/v2\/posts"}],"about":[{"href":"https:\/\/salutmental.info\/es\/wp-json\/wp\/v2\/types\/post"}],"author":[{"embeddable":true,"href":"https:\/\/salutmental.info\/es\/wp-json\/wp\/v2\/users\/1"}],"replies":[{"embeddable":true,"href":"https:\/\/salutmental.info\/es\/wp-json\/wp\/v2\/comments?post=3430"}],"version-history":[{"count":1,"href":"https:\/\/salutmental.info\/es\/wp-json\/wp\/v2\/posts\/3430\/revisions"}],"predecessor-version":[{"id":3431,"href":"https:\/\/salutmental.info\/es\/wp-json\/wp\/v2\/posts\/3430\/revisions\/3431"}],"wp:featuredmedia":[{"embeddable":true,"href":"https:\/\/salutmental.info\/es\/wp-json\/wp\/v2\/media\/3422"}],"wp:attachment":[{"href":"https:\/\/salutmental.info\/es\/wp-json\/wp\/v2\/media?parent=3430"}],"wp:term":[{"taxonomy":"category","embeddable":true,"href":"https:\/\/salutmental.info\/es\/wp-json\/wp\/v2\/categories?post=3430"},{"taxonomy":"post_tag","embeddable":true,"href":"https:\/\/salutmental.info\/es\/wp-json\/wp\/v2\/tags?post=3430"}],"curies":[{"name":"wp","href":"https:\/\/api.w.org\/{rel}","templated":true}]}}