{"id":3295,"date":"2019-10-29T13:11:02","date_gmt":"2019-10-29T12:11:02","guid":{"rendered":"https:\/\/salutmental.info\/?p=3295"},"modified":"2019-10-29T13:11:03","modified_gmt":"2019-10-29T12:11:03","slug":"nueva-fecha-iv-jornada-sma-22-de-noviembre","status":"publish","type":"post","link":"https:\/\/salutmental.info\/es\/nueva-fecha-iv-jornada-sma-22-de-noviembre\/","title":{"rendered":"Nueva fecha IV Jornada SMA: 22 de noviembre"},"content":{"rendered":"\n<p>Ya tenemos la fecha de la nueva convocatoria de la IV Jornada Salud mental y adicciones de Santa Coloma de Gramenet: La salud mental es cosa de todos.<\/p>\n<p>Ser\u00e1 el <strong>viernes 22 de noviembre<\/strong> en el mismo lugar (<a href=\"https:\/\/goo.gl\/maps\/capXgnrojdEGuzXd8\" target=\"_blank\" rel=\"noopener noreferrer\">Biblioteca Singuerl\u00edn &#8211; Salvador Cabr\u00e9<\/a>) y en el mismo horario (de 10 a 14.30 h).<\/p>\n<p>Las personas que ya est\u00e1n inscritas deben escribir a <a href=\"mailto:taulasma@gramenet.cat\">taulasma@gramenet.cat<\/a> confirmando su asistencia. Y las que a\u00fan no han llenado el formulario, deben hacerlo en este enlace: <a href=\"http:\/\/www.bit.ly\/jornadasma\">www.bit.ly\/jornadasma<\/a><\/p>\n\n\n\n<figure class=\"wp-block-image\"><img loading=\"lazy\" decoding=\"async\" width=\"421\" height=\"461\" src=\"https:\/\/salutmental.info\/wp-content\/uploads\/2019\/10\/Programa-IV_J-20192.png\" alt=\"\" class=\"wp-image-3292\" srcset=\"https:\/\/salutmental.info\/wp-content\/uploads\/2019\/10\/Programa-IV_J-20192.png 421w, https:\/\/salutmental.info\/wp-content\/uploads\/2019\/10\/Programa-IV_J-20192-274x300.png 274w\" sizes=\"(max-width: 421px) 100vw, 421px\" \/><\/figure>\n","protected":false},"excerpt":{"rendered":"<p>Ya tenemos la fecha de la nueva convocatoria de la IV Jornada Salud mental y adicciones de Santa Coloma de Gramenet: La salud mental es cosa de todos. Ser\u00e1 el viernes 22 de noviembre en el mismo lugar (Biblioteca Singuerl\u00edn &#8211; Salvador Cabr\u00e9) y en el mismo horario (de 10 a 14.30 h). Las personas [&hellip;]<\/p>\n","protected":false},"author":1,"featured_media":3183,"comment_status":"open","ping_status":"open","sticky":false,"template":"","format":"standard","meta":{"_et_pb_use_builder":"off","_et_pb_old_content":"","_et_gb_content_width":"","footnotes":""},"categories":[34,33,36],"tags":[],"class_list":["post-3295","post","type-post","status-publish","format-standard","has-post-thumbnail","hentry","category-_adicciones","category-_noticias-y-articulos","category-_salud-mental"],"_links":{"self":[{"href":"https:\/\/salutmental.info\/es\/wp-json\/wp\/v2\/posts\/3295","targetHints":{"allow":["GET"]}}],"collection":[{"href":"https:\/\/salutmental.info\/es\/wp-json\/wp\/v2\/posts"}],"about":[{"href":"https:\/\/salutmental.info\/es\/wp-json\/wp\/v2\/types\/post"}],"author":[{"embeddable":true,"href":"https:\/\/salutmental.info\/es\/wp-json\/wp\/v2\/users\/1"}],"replies":[{"embeddable":true,"href":"https:\/\/salutmental.info\/es\/wp-json\/wp\/v2\/comments?post=3295"}],"version-history":[{"count":1,"href":"https:\/\/salutmental.info\/es\/wp-json\/wp\/v2\/posts\/3295\/revisions"}],"predecessor-version":[{"id":3296,"href":"https:\/\/salutmental.info\/es\/wp-json\/wp\/v2\/posts\/3295\/revisions\/3296"}],"wp:featuredmedia":[{"embeddable":true,"href":"https:\/\/salutmental.info\/es\/wp-json\/wp\/v2\/media\/3183"}],"wp:attachment":[{"href":"https:\/\/salutmental.info\/es\/wp-json\/wp\/v2\/media?parent=3295"}],"wp:term":[{"taxonomy":"category","embeddable":true,"href":"https:\/\/salutmental.info\/es\/wp-json\/wp\/v2\/categories?post=3295"},{"taxonomy":"post_tag","embeddable":true,"href":"https:\/\/salutmental.info\/es\/wp-json\/wp\/v2\/tags?post=3295"}],"curies":[{"name":"wp","href":"https:\/\/api.w.org\/{rel}","templated":true}]}}