{"id":3111,"date":"2019-09-04T10:29:06","date_gmt":"2019-09-04T08:29:06","guid":{"rendered":"https:\/\/salutmental.info\/?p=3111"},"modified":"2023-07-18T09:57:18","modified_gmt":"2023-07-18T07:57:18","slug":"ecid-santa-coloma","status":"publish","type":"post","link":"https:\/\/salutmental.info\/es\/ecid-santa-coloma\/","title":{"rendered":"ECID de Santa Coloma de Gramenet (equipo cl\u00ednico de intervenci\u00f3n a domicilio)"},"content":{"rendered":"<p><strong>Servicio de atenci\u00f3n domiciliaria pensado para atender a adolescentes y j\u00f3venes en situaciones de alto riesgo en diversos \u00e1mbitos de la vida, por un equipo que se integra como un recurso dentro de la red comunitaria de salud mental para dar asistencia a aquellos j\u00f3venes que tienen dificultades para vincularse a los servicios.<\/strong><\/p>\n<hr>\n<p><!--more--><\/p>\n<h2>UBICACI\u00d3N<\/h2>\n<p><a href=\"https:\/\/goo.gl\/maps\/uWxrtSP12H6tVevNA\">Carrer del Temple, 15-19<\/a> (08911 Badalona)<\/p>\n<p><iframe loading=\"lazy\" style=\"border: 0;\" src=\"https:\/\/www.google.com\/maps\/embed?pb=!1m18!1m12!1m3!1d2990.444327387226!2d2.245550551439456!3d41.45127737915652!2m3!1f0!2f0!3f0!3m2!1i1024!2i768!4f13.1!3m3!1m2!1s0x12a4bb0dd0744e77%3A0xae5ce69b2bc25764!2sCarrer%20del%20Temple%2C%2015%2C%2008911%20Badalona%2C%20Barcelona!5e0!3m2!1sca!2ses!4v1567520486623!5m2!1sca!2ses\" width=\"600\" height=\"450\" frameborder=\"0\" allowfullscreen=\"allowfullscreen\"><\/iframe><\/p>\n<h2>CONTACTO<\/h2>\n<p>Mark Dangerfield (coordinador y psic\u00f3logo cl\u00ednico)<br \/>\nTel. 93 380 30 57 \/ 654 942 924<br \/>\n<a href=\"mailto:mdangerfield@fvb.cat\">mdangerfield@fvb.cat<\/a><\/p>\n<h2>HORARIO<\/h2>\n<p>Atenci\u00f3n laborables de 9 a 17 h.<\/p>\n<h2>A QUIEN SE DIRIGE<\/h2>\n<p>Adolescents i joves amb un problema de salut mental que presenten dificultats per rebre atenci\u00f3 al CSMIJ o que la rebutgen activament, en diferents situacions:<\/p>\n<ul>\n<li>Situaci\u00f3n cl\u00ednica de alta complejidad.<\/li>\n<li>Absentismo escolar (detectado por el EAP o servicios sociales).<\/li>\n<li>Riesgo de exclusi\u00f3n social (detectado por servicios sociales, el EAIA u otros servicios de protecci\u00f3n a la infancia).<\/li>\n<\/ul>\n<h2>PROGRAMAS<\/h2>\n<ul>\n<li>Trabajo cl\u00ednico con adolescentes y j\u00f3venes dondes la persona se siente m\u00e1s c\u00f3moda.<\/li>\n<li>Intervenci\u00f3n y apoyo a las familias.<\/li>\n<li>Fomento del v\u00ednculo con recursos de la comunidad.<\/li>\n<li>Coordinaci\u00f3n con la red asistencial.<\/li>\n<\/ul>\n<h2>V\u00cdA DE ACCESO<\/h2>\n<p>Se accede derivado desde el CSMIJ o alg\u00fan otro servicio. El o la profesional referente se pone en contacto por tel\u00e9fono o correo electr\u00f3nico con el ECID con un informe de derivaci\u00f3n.<br \/>\nEl ECID valorar\u00e1 la derivaci\u00f3n y cuando se inicie el tratamiento se pondr\u00e1 en contacto con la familia para empezar el trabajo en el domicilio o donde sea adecuado, de manera coordinada con el CSMIJ y el servicio derivador.<\/p>\n<h2>M\u00c1S INFORMACI\u00d3N<\/h2>\n<p><a href=\"http:\/\/www.fvb.cat\" target=\"_blank\" rel=\"noopener noreferrer\">http:\/\/www.fvb.cat<\/a><\/p>\n<h2>GESTIONA<\/h2>\n<p>Fundaci\u00f3 Vidal i Barraquer.<\/p>\n","protected":false},"excerpt":{"rendered":"<p>Servicio de atenci\u00f3n domiciliaria pensado para atender a adolescentes y j\u00f3venes en situaciones de alto riesgo en diversos \u00e1mbitos de la vida, por un equipo que se integra como un recurso dentro de la red comunitaria de salud mental para dar asistencia a aquellos j\u00f3venes que tienen dificultades para vincularse a los servicios.<\/p>\n","protected":false},"author":1,"featured_media":3569,"comment_status":"open","ping_status":"open","sticky":false,"template":"","format":"standard","meta":{"_et_pb_use_builder":"","_et_pb_old_content":"","_et_gb_content_width":"","footnotes":""},"categories":[32],"tags":[],"class_list":["post-3111","post","type-post","status-publish","format-standard","has-post-thumbnail","hentry","category-sin-categorizar"],"_links":{"self":[{"href":"https:\/\/salutmental.info\/es\/wp-json\/wp\/v2\/posts\/3111","targetHints":{"allow":["GET"]}}],"collection":[{"href":"https:\/\/salutmental.info\/es\/wp-json\/wp\/v2\/posts"}],"about":[{"href":"https:\/\/salutmental.info\/es\/wp-json\/wp\/v2\/types\/post"}],"author":[{"embeddable":true,"href":"https:\/\/salutmental.info\/es\/wp-json\/wp\/v2\/users\/1"}],"replies":[{"embeddable":true,"href":"https:\/\/salutmental.info\/es\/wp-json\/wp\/v2\/comments?post=3111"}],"version-history":[{"count":5,"href":"https:\/\/salutmental.info\/es\/wp-json\/wp\/v2\/posts\/3111\/revisions"}],"predecessor-version":[{"id":5561,"href":"https:\/\/salutmental.info\/es\/wp-json\/wp\/v2\/posts\/3111\/revisions\/5561"}],"wp:featuredmedia":[{"embeddable":true,"href":"https:\/\/salutmental.info\/es\/wp-json\/wp\/v2\/media\/3569"}],"wp:attachment":[{"href":"https:\/\/salutmental.info\/es\/wp-json\/wp\/v2\/media?parent=3111"}],"wp:term":[{"taxonomy":"category","embeddable":true,"href":"https:\/\/salutmental.info\/es\/wp-json\/wp\/v2\/categories?post=3111"},{"taxonomy":"post_tag","embeddable":true,"href":"https:\/\/salutmental.info\/es\/wp-json\/wp\/v2\/tags?post=3111"}],"curies":[{"name":"wp","href":"https:\/\/api.w.org\/{rel}","templated":true}]}}