{"id":2631,"date":"2018-12-21T15:30:15","date_gmt":"2018-12-21T14:30:15","guid":{"rendered":"https:\/\/salutmental.info\/?p=2631"},"modified":"2019-05-28T11:53:44","modified_gmt":"2019-05-28T09:53:44","slug":"comissio-estigna-defensa-persones-drogodependents","status":"publish","type":"post","link":"https:\/\/salutmental.info\/es\/comissio-estigna-defensa-persones-drogodependents\/","title":{"rendered":"Comissi\u00f3 d&#8217;Estigma per a la defensa de les persones amb problemes de drogodepend\u00e8ncies"},"content":{"rendered":"\n<p class=\"has-text-color has-small-font-size has-cyan-bluish-gray-color\"><em>Imatge de portada extreta de https:\/\/www.fcd.cat\/nova\/ca\/content\/recursos<\/em><\/p>\n\n\n\n<p>La Federaci\u00f3 Catalana de Drogodepend\u00e8ncies ha posat el marxa una comissi\u00f3 per lluitar contra l&#8217;estigma que pateixen les persones que tenen problemes amb l&#8217;\u00fas de drogues.<\/p>\n\n\n\n<p>Professionals de serveis sanitaris i socials i persones usu\u00e0ries es reuneixen per posar en com\u00fa aquelles frases o tractes discriminatoris que reprodueixen i fomenten estereotips negatius envers qui pateix aquest tipus de problemes. <\/p>\n\n\n\n<p>Com a resultat s&#8217;han elaborat uns materials que recullen un llarg d&#8217;actituds i caracter\u00edstiques negatives que generalment se&#8217;ls atribueixen per la seva relaci\u00f3 amb les drogues, que podeu consultar a continuaci\u00f3: <br><a href=\"http:\/\/www.fcd.cat\/nova\/sites\/default\/files\/variats\/frases.jpg\">Frases estigmatitzants que hem dit o ens han dit<\/a><\/p>\n\n\n\n<div class=\"wp-block-columns has-2-columns is-layout-flex wp-container-core-columns-is-layout-1 wp-block-columns-is-layout-flex\">\n<div class=\"wp-block-column is-layout-flow wp-block-column-is-layout-flow\">\n<figure class=\"wp-block-image\"><img loading=\"lazy\" decoding=\"async\" width=\"370\" height=\"279\" src=\"https:\/\/salutmental.info\/wp-content\/uploads\/2018\/12\/Captura1-1.png\" alt=\"\" class=\"wp-image-2619\" srcset=\"https:\/\/salutmental.info\/wp-content\/uploads\/2018\/12\/Captura1-1.png 370w, https:\/\/salutmental.info\/wp-content\/uploads\/2018\/12\/Captura1-1-300x226.png 300w\" sizes=\"(max-width: 370px) 100vw, 370px\" \/><\/figure>\n\n\n\n<p><a rel=\"noreferrer noopener\" href=\"http:\/\/www.fcd.cat\/nova\/sites\/default\/files\/variats\/Sessi%C3%B3%20Professionals_0.pdf\" target=\"_blank\">Qu\u00e8 diuen sobre l\u2019estigma les i els professionals dels serveis de drogues?<\/a><\/p>\n<\/div>\n\n\n\n<div class=\"wp-block-column is-layout-flow wp-block-column-is-layout-flow\">\n<figure class=\"wp-block-image\"><a href=\"http:\/\/www.fcd.cat\/nova\/sites\/default\/files\/variats\/Sessi%C3%B3%20usu%C3%A0ries.pdf\" target=\"_blank\" rel=\"noreferrer noopener\"><img loading=\"lazy\" decoding=\"async\" width=\"370\" height=\"279\" src=\"https:\/\/salutmental.info\/wp-content\/uploads\/2018\/12\/Captura2-1.png\" alt=\"\" class=\"wp-image-2621\" srcset=\"https:\/\/salutmental.info\/wp-content\/uploads\/2018\/12\/Captura2-1.png 370w, https:\/\/salutmental.info\/wp-content\/uploads\/2018\/12\/Captura2-1-300x226.png 300w\" sizes=\"(max-width: 370px) 100vw, 370px\" \/><\/a><\/figure>\n\n\n\n<p><a rel=\"noreferrer noopener\" href=\"http:\/\/www.fcd.cat\/nova\/sites\/default\/files\/variats\/Sessi%C3%B3%20usu%C3%A0ries.pdf\" target=\"_blank\">Qu\u00e8 diuen les persones usu\u00e0ries sobre l&#8217;estigma rebut a l&#8217;atenci\u00f3 social, judicial, sanit\u00e0ria, laboral i policial?<\/a><\/p>\n<\/div>\n<\/div>\n\n\n\n<p><\/p>\n","protected":false},"excerpt":{"rendered":"<p>Imatge de portada extreta de https:\/\/www.fcd.cat\/nova\/ca\/content\/recursos La Federaci\u00f3 Catalana de Drogodepend\u00e8ncies ha posat el marxa una comissi\u00f3 per lluitar contra l&#8217;estigma que pateixen les persones que tenen problemes amb l&#8217;\u00fas de drogues. Professionals de serveis sanitaris i socials i persones usu\u00e0ries es reuneixen per posar en com\u00fa aquelles frases o tractes discriminatoris que reprodueixen i [&hellip;]<\/p>\n","protected":false},"author":1,"featured_media":2948,"comment_status":"open","ping_status":"open","sticky":false,"template":"","format":"standard","meta":{"_et_pb_use_builder":"off","_et_pb_old_content":"","_et_gb_content_width":"","footnotes":""},"categories":[34,33],"tags":[],"class_list":["post-2631","post","type-post","status-publish","format-standard","has-post-thumbnail","hentry","category-_adicciones","category-_noticias-y-articulos"],"_links":{"self":[{"href":"https:\/\/salutmental.info\/es\/wp-json\/wp\/v2\/posts\/2631","targetHints":{"allow":["GET"]}}],"collection":[{"href":"https:\/\/salutmental.info\/es\/wp-json\/wp\/v2\/posts"}],"about":[{"href":"https:\/\/salutmental.info\/es\/wp-json\/wp\/v2\/types\/post"}],"author":[{"embeddable":true,"href":"https:\/\/salutmental.info\/es\/wp-json\/wp\/v2\/users\/1"}],"replies":[{"embeddable":true,"href":"https:\/\/salutmental.info\/es\/wp-json\/wp\/v2\/comments?post=2631"}],"version-history":[{"count":5,"href":"https:\/\/salutmental.info\/es\/wp-json\/wp\/v2\/posts\/2631\/revisions"}],"predecessor-version":[{"id":2682,"href":"https:\/\/salutmental.info\/es\/wp-json\/wp\/v2\/posts\/2631\/revisions\/2682"}],"wp:featuredmedia":[{"embeddable":true,"href":"https:\/\/salutmental.info\/es\/wp-json\/wp\/v2\/media\/2948"}],"wp:attachment":[{"href":"https:\/\/salutmental.info\/es\/wp-json\/wp\/v2\/media?parent=2631"}],"wp:term":[{"taxonomy":"category","embeddable":true,"href":"https:\/\/salutmental.info\/es\/wp-json\/wp\/v2\/categories?post=2631"},{"taxonomy":"post_tag","embeddable":true,"href":"https:\/\/salutmental.info\/es\/wp-json\/wp\/v2\/tags?post=2631"}],"curies":[{"name":"wp","href":"https:\/\/api.w.org\/{rel}","templated":true}]}}