{"id":1578,"date":"2018-03-19T18:52:03","date_gmt":"2018-03-19T17:52:03","guid":{"rendered":"http:\/\/salutmental.info\/?p=1578"},"modified":"2023-07-18T09:56:14","modified_gmt":"2023-07-18T07:56:14","slug":"projecte-xela-rialles-2","status":"publish","type":"post","link":"https:\/\/salutmental.info\/es\/projecte-xela-rialles-2\/","title":{"rendered":"Proyecto Xela -Centro abierto Rialles"},"content":{"rendered":"<p><strong>Programa para la estimulaci\u00f3n de ni\u00f1os, ni\u00f1as y adolescentes hasta 16 a\u00f1os con retardo madurativo o trastorno autista,\u00a0 y de atenci\u00f3n a sus familias.<\/strong><\/p>\n<hr>\n<p><!--more--><\/p>\n<h2>UBICACI\u00d3N<\/h2>\n<p><a href=\"https:\/\/www.google.es\/maps\/place\/Carrer+de+Val%C3%A8ncia,+3,+08924+Santa+Coloma+de+Gramenet,+Barcelona\/@41.4593777,2.2045311,17z\/data=!3m1!4b1!4m5!3m4!1s0x12a4bc8a639ad427:0xc6228e9ca8c051d5!8m2!3d41.4593737!4d2.2067198?hl=ca\" target=\"_blank\" rel=\"noopener noreferrer\">Val\u00e8ncia, 3<\/a> (08924 Santa Coloma de Gramenet)<\/p>\n<p><iframe loading=\"lazy\" style=\"border: 0;\" src=\"https:\/\/www.google.com\/maps\/embed?pb=!1m18!1m12!1m3!1d2990.070893073289!2d2.204531114989767!3d41.45937769949285!2m3!1f0!2f0!3f0!3m2!1i1024!2i768!4f13.1!3m3!1m2!1s0x12a4bc8a639ad427%3A0xc6228e9ca8c051d5!2sCarrer+de+Val%C3%A8ncia%2C+3%2C+08924+Santa+Coloma+de+Gramenet%2C+Barcelona!5e0!3m2!1sca!2ses!4v1521473590526\" width=\"600\" height=\"450\" frameborder=\"0\" allowfullscreen=\"allowfullscreen\"><\/iframe><\/p>\n<h2>CONTACTO<\/h2>\n<p>Ra\u00fal Garc\u00eda (director)<br \/>\nTel. 93 392 93 90<br \/>\n<a href=\"mailto:inmaculada.rivas@imspbdn.cat\">rialles.dir@maristes.cat<\/a><\/p>\n<h2>A QUIEN SE DIRIGE<\/h2>\n<p>Ni\u00f1as, ni\u00f1os y adolescentes (entre 6 y 16 a\u00f1os) con trastornos del espectro autista y retardo madurativo, empadronados en la ciudad.<\/p>\n<h2>PROGRAMAS<\/h2>\n<ul>\n<li>Educaci\u00f3n en el tiempo libre adaptada a las necesidades de ni\u00f1os, ni\u00f1as y adolescentes con autismo y retardo.<\/li>\n<li>Estimulaci\u00f3n psicomotriz mediante el juego, el movimiento, actividades grupales y otras acciones.<\/li>\n<li>Estimulaci\u00f3n sensorial con musicoterapia, estimulaci\u00f3n cognitiva, actividades art\u00edsticas y otras.<\/li>\n<li>Atenci\u00f3n y apoyo a las familias de hijas o hijos con TEA.<\/li>\n<\/ul>\n<h2>V\u00cdA DE ACCESO<\/h2>\n<p>Derivaci\u00f3n des del Equipo de atenci\u00f3n psicopedag\u00f3gica (EAP), escuela de educaci\u00f3n especial Josep Sol u otras entidades que trabajan con personas con discapacidades.<\/p>\n<h2>M\u00c1S INFORMACI\u00d3N<\/h2>\n<p><a href=\"http:\/\/www.maristes.cat\/obres-socials\/centre-obert-rialles-sta-coloma-de-gramenet\" target=\"_blank\" rel=\"noopener noreferrer\">http:\/\/www.maristes.cat\/obres-socials\/centre-obert-rialles-sta-coloma-de-gramenet<\/a><\/p>\n<h2>GESTIONA<\/h2>\n<p><a href=\"http:\/\/www.maristes.cat\/entitats\/fundacio-champagnat\" target=\"_blank\" rel=\"noopener noreferrer\">Fundaci\u00f3 Champagnat<\/a><\/p>\n","protected":false},"excerpt":{"rendered":"<p>Programa para la estimulaci\u00f3n de ni\u00f1os, ni\u00f1as y adolescentes hasta 16 a\u00f1os con retardo madurativo o trastorno autista,\u00a0 y de atenci\u00f3n a sus familias.<\/p>\n","protected":false},"author":1,"featured_media":1579,"comment_status":"open","ping_status":"open","sticky":false,"template":"","format":"standard","meta":{"_et_pb_use_builder":"","_et_pb_old_content":"","_et_gb_content_width":"","footnotes":""},"categories":[55,57],"tags":[],"class_list":["post-1578","post","type-post","status-publish","format-standard","has-post-thumbnail","hentry","category-comunitaria-es","category-social-es"],"_links":{"self":[{"href":"https:\/\/salutmental.info\/es\/wp-json\/wp\/v2\/posts\/1578","targetHints":{"allow":["GET"]}}],"collection":[{"href":"https:\/\/salutmental.info\/es\/wp-json\/wp\/v2\/posts"}],"about":[{"href":"https:\/\/salutmental.info\/es\/wp-json\/wp\/v2\/types\/post"}],"author":[{"embeddable":true,"href":"https:\/\/salutmental.info\/es\/wp-json\/wp\/v2\/users\/1"}],"replies":[{"embeddable":true,"href":"https:\/\/salutmental.info\/es\/wp-json\/wp\/v2\/comments?post=1578"}],"version-history":[{"count":7,"href":"https:\/\/salutmental.info\/es\/wp-json\/wp\/v2\/posts\/1578\/revisions"}],"predecessor-version":[{"id":5559,"href":"https:\/\/salutmental.info\/es\/wp-json\/wp\/v2\/posts\/1578\/revisions\/5559"}],"wp:featuredmedia":[{"embeddable":true,"href":"https:\/\/salutmental.info\/es\/wp-json\/wp\/v2\/media\/1579"}],"wp:attachment":[{"href":"https:\/\/salutmental.info\/es\/wp-json\/wp\/v2\/media?parent=1578"}],"wp:term":[{"taxonomy":"category","embeddable":true,"href":"https:\/\/salutmental.info\/es\/wp-json\/wp\/v2\/categories?post=1578"},{"taxonomy":"post_tag","embeddable":true,"href":"https:\/\/salutmental.info\/es\/wp-json\/wp\/v2\/tags?post=1578"}],"curies":[{"name":"wp","href":"https:\/\/api.w.org\/{rel}","templated":true}]}}