{"id":1380,"date":"2017-10-20T17:44:21","date_gmt":"2017-10-20T15:44:21","guid":{"rendered":"http:\/\/salutmental.info\/?p=1380"},"modified":"2017-10-20T17:44:21","modified_gmt":"2017-10-20T15:44:21","slug":"mocion-sobre-el-traslado-del-cas-y-por-la-mejora-de-la-atencion-a-las-personas-drogodependientes","status":"publish","type":"post","link":"https:\/\/salutmental.info\/es\/mocion-sobre-el-traslado-del-cas-y-por-la-mejora-de-la-atencion-a-las-personas-drogodependientes\/","title":{"rendered":"Moci\u00f3n sobre el traslado del CAS y por la mejora de la atenci\u00f3n a las personas drogodependientes"},"content":{"rendered":"<p>El 25 de setiembre de 2017 el Pleno del Ayuntamiento de Santa Coloma de Gramenet por mayor\u00eda, con 22 votos a favor [PSC, SG y GE-ICV-EUiA] y 5 abstenciones [C\u2019s i PP] de los 27 regidores asistentes, aprueba la moci\u00f3n siguiente:<\/p>\n<p>23 &#8211; MOCI\u00d3N PRESENTADA POR EL GRUPO MUNICIPAL SOM GRAMENET SOBRE EL TRASLADO DEL CAS Y POR LA MEJORA DE LA ATENCI\u00d3N A LAS PERSONAS CON PROBLEMAS DE DROGODEPENDIENTES EN SANTA COLOMA DE GRAMENET.<\/p>\n<p>\u201cDe acuerdo con el Plan de Salud de Catalunya 2016-2020, se ha de priorizar la atenci\u00f3n a la salud mental y las adicciones, y hacer efectivo el despliegue de un modelo basado en la comunidad, en la l\u00ednea del Plan de acci\u00f3n europeo para la salud mental y de acci\u00f3n conjunta de la Uni\u00f3n Europea con los siguientes principios:<\/p>\n<ul>\n<li>Una atenci\u00f3n basada en los derechos de las personas, que promueva el fomento de la autonom\u00eda, el empoderamiento y que luche contra el estigma y la exclusi\u00f3n social.<\/li>\n<li>Un enfoque de los servicios basado en la comunidad, de calidad y orientado a la recuperaci\u00f3n y la inclusi\u00f3n social, que priorice el despliegue de servicios comunitarios y alternativos a la hospitalizaci\u00f3n convencional.<\/li>\n<li>La mejora de la integraci\u00f3n con los servicios no sanitarios y la colaboraci\u00f3n interdepartamental imprescindible en todas las vertientes de la atenci\u00f3n.<\/li>\n<\/ul>\n<p>La apertura del CAS en Santa Coloma en diciembre de 2016 ha cubierto una demanda hist\u00f3rica de la ciudad. Tanto las personas usuarias como los profesionales han pedido a lo largo de muchos a\u00f1os un servicio de tratamiento en el municipio que facilitara los<br \/>\ndesplazamientos, ahorrando tiempo y dinero, y por tanto mejorando las posibilidades de \u00e9xito de las personas usuarias.<\/p>\n<p>No obstante, la ubicaci\u00f3n del nuevo centro se ha realizado sin la participaci\u00f3n de las personas de nuestro municipio derivadas al CAS Delta de Badalona. No se han tenido en cuenta ni sus valoraciones ni las de los profesionales que acompa\u00f1an los procesos socioeducativos de estos.<\/p>\n<p>El nuevo CAS, que pertenece a la empresa proveedora Parc de Salut Mar de Barcelona, desde su ubicaci\u00f3n actual, no ofrece la inserci\u00f3n comunitaria que recomienda el Plan de Salud de Catalunya, ya que mantiene alejadas y aisladas a las personas usuarias del resto de recursos sociales y de salud, y de los \u00e1mbitos relacionales que disminuyen la estigmatizaci\u00f3n y la exclusi\u00f3n social.<\/p>\n<p>Adem\u00e1s, los procesos vitales de muchas de las personas usuarias del CAS unen historias de consumo con problemas de comportamiento, emocionales y trastornos de diferente gravedad, lo que hace imprescindible una intervenci\u00f3n integral que atienda los problemas de drogodependencias y de salud mental, que les proteja dentro de la vulnerabilidad que presentan. Por eso, realizar el traslado del CAS Santa Coloma junto al CSMA con la mayor celeridad posible facilita una mejor integraci\u00f3n del recurso en la comunidad y, por consiguiente, de las personas usuarias.<\/p>\n<p>En cuanto a la atenci\u00f3n, y a falta de memorias de intervenci\u00f3n del centro, nos encontramos con personas que han de esperar m\u00e1s de tres meses para la cita, una realidad dolorosa especialmente en este colectivo tan vulnerable. Tampoco se avanza como se preve\u00eda en el traspaso de casos desde el CAS Delta, y los centros de atenci\u00f3n primaria copan las derivaciones, con lo que los tiempos entre entrevistas se pueden dilatar m\u00e1s de lo necesario.<\/p>\n<p>Todo ello lleva a pensar que el CAS Santa Coloma tiene una ratio de profesionales por debajo de las necesidades de atenci\u00f3n deseables, derivado de una planificaci\u00f3n del recurso para la atenci\u00f3n que la demanda existente en aquel momento.<\/p>\n<p>Las consecuencias no deseadas son variadas: la p\u00e9rdida de motivaci\u00f3n para iniciar el tratamiento, la falta de vinculaci\u00f3n con los profesionales del centro, el abandono del tratamiento y la p\u00e9rdida de confianza en uno mismo y en las posibilidades de cambio y mejora, lo que incide negativamente en la persona y en la comunidad.<\/p>\n<p>A la vez, no existen en Santa Coloma recursos habitacionales para personas en proceso de recuperaci\u00f3n de la autonom\u00eda: espacios que faciliten la consecuci\u00f3n gradual de los objetivos, paliativos de la vulnerabilidad y la exclusi\u00f3n del colectivo, necesarios para una vida digna y un recorrido exitoso de la persona, modelos que ya se trabajan en otras ciudades, de manera individual o mancomunada.<\/p>\n<p>Por todo esto, se propone al Pleno la adopci\u00f3n de los siguientes acuerdos:<\/p>\n<p style=\"padding-left: 30px;\"><strong>Primero<\/strong> &#8211; Que el Ayuntamiento trabaje de manera proactiva en el traslado del CAS junto al CSMA en la mayor brevedad posible.<br \/>\n<strong>Segundo<\/strong> &#8211; Que el Ayuntamiento, junto con el resto de partidos y entidades que lo deseen, realice las acciones necesarias para que la empresa proveedora del CAS Santa Coloma aumente el n\u00famero de profesionales.<br \/>\n<strong>Tercero<\/strong> &#8211; Que el Ayuntamiento, junto con el resto de partidos y entidades que lo deseen, desarrollen un trabajo de sensibilizaci\u00f3n con la poblaci\u00f3n de Santa Coloma en aras de evitar la estigmatizaci\u00f3n y la exclusi\u00f3n social de las personas con problemas de drogodependencias.<br \/>\n<strong>Cuarto<\/strong> &#8211; Que el Ayuntamiento estudie las posibilidades de ofrecer, con otras administraciones, recursos habitacionales que den cobertura a las necesidades b\u00e1sicas de las personas.<br \/>\n<strong>Quinto<\/strong> &#8211; Que el Ayuntamiento aplique las ideas de mejora consensuadas<\/p>\n","protected":false},"excerpt":{"rendered":"<p>El 25 de setiembre de 2017 el Pleno del Ayuntamiento de Santa Coloma de Gramenet por mayor\u00eda, con 22 votos a favor [PSC, SG y GE-ICV-EUiA] y 5 abstenciones [C\u2019s i PP] de los 27 regidores asistentes, aprueba la moci\u00f3n siguiente: 23 &#8211; MOCI\u00d3N PRESENTADA POR EL GRUPO MUNICIPAL SOM GRAMENET SOBRE EL TRASLADO DEL [&hellip;]<\/p>\n","protected":false},"author":1,"featured_media":1378,"comment_status":"open","ping_status":"open","sticky":false,"template":"","format":"standard","meta":{"_et_pb_use_builder":"","_et_pb_old_content":"","_et_gb_content_width":"","footnotes":""},"categories":[34,33],"tags":[],"class_list":["post-1380","post","type-post","status-publish","format-standard","has-post-thumbnail","hentry","category-_adicciones","category-_noticias-y-articulos"],"_links":{"self":[{"href":"https:\/\/salutmental.info\/es\/wp-json\/wp\/v2\/posts\/1380","targetHints":{"allow":["GET"]}}],"collection":[{"href":"https:\/\/salutmental.info\/es\/wp-json\/wp\/v2\/posts"}],"about":[{"href":"https:\/\/salutmental.info\/es\/wp-json\/wp\/v2\/types\/post"}],"author":[{"embeddable":true,"href":"https:\/\/salutmental.info\/es\/wp-json\/wp\/v2\/users\/1"}],"replies":[{"embeddable":true,"href":"https:\/\/salutmental.info\/es\/wp-json\/wp\/v2\/comments?post=1380"}],"version-history":[{"count":1,"href":"https:\/\/salutmental.info\/es\/wp-json\/wp\/v2\/posts\/1380\/revisions"}],"predecessor-version":[{"id":1381,"href":"https:\/\/salutmental.info\/es\/wp-json\/wp\/v2\/posts\/1380\/revisions\/1381"}],"wp:featuredmedia":[{"embeddable":true,"href":"https:\/\/salutmental.info\/es\/wp-json\/wp\/v2\/media\/1378"}],"wp:attachment":[{"href":"https:\/\/salutmental.info\/es\/wp-json\/wp\/v2\/media?parent=1380"}],"wp:term":[{"taxonomy":"category","embeddable":true,"href":"https:\/\/salutmental.info\/es\/wp-json\/wp\/v2\/categories?post=1380"},{"taxonomy":"post_tag","embeddable":true,"href":"https:\/\/salutmental.info\/es\/wp-json\/wp\/v2\/tags?post=1380"}],"curies":[{"name":"wp","href":"https:\/\/api.w.org\/{rel}","templated":true}]}}